{"id":50973,"date":"2018-03-02T14:27:06","date_gmt":"2018-03-02T20:27:06","guid":{"rendered":"https:\/\/radiowebmx.com\/nota\/?p=50973"},"modified":"2018-03-02T14:27:06","modified_gmt":"2018-03-02T20:27:06","slug":"todo-listo-para-la-tradicional-kermes-del-sistema-dif-michoacan","status":"publish","type":"post","link":"https:\/\/radiowebmx.com\/nota\/todo-listo-para-la-tradicional-kermes-del-sistema-dif-michoacan\/","title":{"rendered":"Todo listo para la Tradicional Kerm\u00e9s del Sistema DIF Michoac\u00e1n"},"content":{"rendered":"<p><img loading=\"lazy\" decoding=\"async\" class=\"\" src=\"https:\/\/gallery.mailchimp.com\/c3679d81029880892ab85d106\/images\/d27f9477-e359-4596-ab38-6f2fd56e8022.jpeg\" width=\"400\" height=\"267\" \/><\/p>\n<ul>\n<li><strong>Este domingo en los jardines del Ceconexpo de Morelia, antojitos, actividades culturales y recreativas para toda la familia, y la tradicional t\u00f3mbola con m\u00e1s de mil premios, destaca la titular del organismo, Roc\u00edo Beamonte Romero.<\/strong><\/li>\n<li><strong>Los recursos que sean recaudados ser\u00e1n destinados a los diferentes programas que opera el Sistema DIF Michoac\u00e1n, as\u00ed como para equipar el Espacio de Atenci\u00f3n Integral para Personas con Discapacidad Visual, y poner en marcha la Casa Estatal del Adulto Mayor.<\/strong><\/li>\n<li><strong>Desde ma\u00f1ana s\u00e1bado, a partir de las 08:00 horas, venta de frutas y verduras de productores y productoras michoacanas.<\/strong><\/li>\n<\/ul>\n<p>&nbsp;<\/p>\n<p><strong>Morelia, Michoac\u00e1n, a 2 de marzo de 2018.-<\/strong>\u00a0Todo est\u00e1 listo para la edici\u00f3n 43 de la Tradicional Kerm\u00e9s del Sistema DIF Michoac\u00e1n, que se llevar\u00e1 a cabo este domingo 4 de marzo, inform\u00f3 la directora general del organismo, Roc\u00edo Beamonte Romero.<\/p>\n<p>En los jardines del Centro de Convenciones y Exposiciones (Ceconexpo) de la capital michoacana ya han sido colocados alrededor de 200 estands, en los que el domingo pr\u00f3ximo se vender\u00e1n antojitos michoacanos, adem\u00e1s de actividades culturales y recreativas para toda la familia y la tradicional t\u00f3mbola, con m\u00e1s de mil premios.<\/p>\n<p>La kerm\u00e9s ser\u00e1 inaugurada por el Gobernador Silvano Aureoles Conejo en punto de las 11:00 horas, y las actividades continuar\u00e1n hasta las 18:00 horas.<\/p>\n<p>Adem\u00e1s, desde ma\u00f1ana s\u00e1bado, a partir de las 08:00 horas en los jardines del Ceconexpo, se podr\u00e1n a la venta frutas y verduras de productores y productoras michoacanas, quienes de esta manera se suman a la causa del Sistema DIF. Esta venta continuar\u00e1 el domingo, tambi\u00e9n desde las 08:00 horas.<\/p>\n<p>La expectativa para este 2018 -tercer a\u00f1o consecutivo que la kerm\u00e9s se realiza en los jardines de Ceconexpo-, es superar los m\u00e1s de 20 mil visitantes que participaron en la edici\u00f3n 2017.<\/p>\n<p>Roc\u00edo Beamonte agradeci\u00f3 el trabajo en equipo de los Sistemas DIF de los 113 municipios del estado, adem\u00e1s del apoyo brindado por dependencias de los Gobiernos Federal y Estatal, as\u00ed como de instituciones educativas y de la sociedad civil.<\/p>\n<p>Destac\u00f3 que los recursos que sean recaudados en esta edici\u00f3n de la kerm\u00e9s ser\u00e1n destinados a los diferentes programas que opera el Sistema DIF Michoac\u00e1n, as\u00ed como para equipar el Espacio de Atenci\u00f3n Integral para Personas con Discapacidad Visual, y poner en marcha la Casa Estatal del Adulto Mayor.<\/p>\n<p>Por \u00faltimo, record\u00f3 que este domingo se conmemora el D\u00eda de la Familia, por lo que la tradicional kerm\u00e9s es el espacio ideal para que las familias de Michoac\u00e1n tengan un d\u00eda de convivencia sana, disfruten de la exquisita gastronom\u00eda de la entidad y se sumen al esfuerzo que realiza el organismo en beneficio de quienes m\u00e1s lo necesitan.<\/p>\n<p>&nbsp;<\/p>\n<p><img loading=\"lazy\" decoding=\"async\" class=\"\" src=\"https:\/\/gallery.mailchimp.com\/c3679d81029880892ab85d106\/images\/1bdc8061-ca96-47db-93d6-8f678e40db92.jpeg\" width=\"401\" height=\"268\" \/><\/p>\n<p>&nbsp;<\/p>\n<p><img loading=\"lazy\" decoding=\"async\" class=\"\" src=\"https:\/\/gallery.mailchimp.com\/c3679d81029880892ab85d106\/images\/317ca0ba-ab5e-463f-abc8-061ca3247f1c.jpeg\" width=\"400\" height=\"267\" \/><\/p>\n","protected":false},"excerpt":{"rendered":"<p>Este domingo en los jardines del Ceconexpo de Morelia, antojitos, actividades culturales y recreativas para toda la familia, y la tradicional t\u00f3mbola con m\u00e1s de mil premios, destaca la titular del organismo, Roc\u00edo Beamonte Romero. Los recursos que sean recaudados ser\u00e1n destinados a los diferentes programas que opera el Sistema DIF Michoac\u00e1n, as\u00ed como para [&hellip;]<\/p>\n","protected":false},"author":2,"featured_media":50974,"comment_status":"closed","ping_status":"closed","sticky":false,"template":"","format":"standard","meta":{"footnotes":""},"categories":[14,3,60],"tags":[],"class_list":["post-50973","post","type-post","status-publish","format-standard","has-post-thumbnail","hentry","category-destacadas","category-gobierno-del-estado-de-michoacan","category-michoacan"],"_links":{"self":[{"href":"https:\/\/radiowebmx.com\/nota\/wp-json\/wp\/v2\/posts\/50973","targetHints":{"allow":["GET"]}}],"collection":[{"href":"https:\/\/radiowebmx.com\/nota\/wp-json\/wp\/v2\/posts"}],"about":[{"href":"https:\/\/radiowebmx.com\/nota\/wp-json\/wp\/v2\/types\/post"}],"author":[{"embeddable":true,"href":"https:\/\/radiowebmx.com\/nota\/wp-json\/wp\/v2\/users\/2"}],"replies":[{"embeddable":true,"href":"https:\/\/radiowebmx.com\/nota\/wp-json\/wp\/v2\/comments?post=50973"}],"version-history":[{"count":1,"href":"https:\/\/radiowebmx.com\/nota\/wp-json\/wp\/v2\/posts\/50973\/revisions"}],"predecessor-version":[{"id":50975,"href":"https:\/\/radiowebmx.com\/nota\/wp-json\/wp\/v2\/posts\/50973\/revisions\/50975"}],"wp:featuredmedia":[{"embeddable":true,"href":"https:\/\/radiowebmx.com\/nota\/wp-json\/wp\/v2\/media\/50974"}],"wp:attachment":[{"href":"https:\/\/radiowebmx.com\/nota\/wp-json\/wp\/v2\/media?parent=50973"}],"wp:term":[{"taxonomy":"category","embeddable":true,"href":"https:\/\/radiowebmx.com\/nota\/wp-json\/wp\/v2\/categories?post=50973"},{"taxonomy":"post_tag","embeddable":true,"href":"https:\/\/radiowebmx.com\/nota\/wp-json\/wp\/v2\/tags?post=50973"}],"curies":[{"name":"wp","href":"https:\/\/api.w.org\/{rel}","templated":true}]}}