{"id":50970,"date":"2018-03-01T19:09:51","date_gmt":"2018-03-02T01:09:51","guid":{"rendered":"https:\/\/radiowebmx.com\/nota\/?p=50970"},"modified":"2018-03-02T14:08:32","modified_gmt":"2018-03-02T20:08:32","slug":"inicia-taller-de-profesionalizacion-y-capacitacion-en-divulgacion-de-la-ciencia-tecnologia-e-innovacion","status":"publish","type":"post","link":"https:\/\/radiowebmx.com\/nota\/inicia-taller-de-profesionalizacion-y-capacitacion-en-divulgacion-de-la-ciencia-tecnologia-e-innovacion\/","title":{"rendered":"Inicia Taller de Profesionalizaci\u00f3n y Capacitaci\u00f3n en Divulgaci\u00f3n de la Ciencia, Tecnolog\u00eda e Innovaci\u00f3n"},"content":{"rendered":"<p><img loading=\"lazy\" decoding=\"async\" class=\"\" src=\"https:\/\/gallery.mailchimp.com\/c3679d81029880892ab85d106\/images\/f0f44683-c095-43f6-9755-763c821206f3.jpeg\" width=\"400\" height=\"153\" \/><\/p>\n<ul>\n<li><strong>Con el tema &#8220;\u00bfC\u00f3mo transformar la informaci\u00f3n especializada en historias period\u00edsticas de ciencia?&#8221;, la vicepresidenta la Red Mexicana de Periodistas de Ciencia, Aleida Rueda, dio inicio al taller.<\/strong><\/li>\n<li><strong>Potenciar las herramientas de las y los periodistas, comunicadores y comunicadoras, adem\u00e1s de ampliar los horizontes de esta profesi\u00f3n, el objetivo, indica la titular de la CGCS, Julieta L\u00f3pez Bautista.<\/strong><\/li>\n<\/ul>\n<p><strong>Morelia, Michoac\u00e1n, a 1 de marzo de 2018.-<\/strong>\u00a0Con el objetivo de fortalecer la divulgaci\u00f3n cient\u00edfica en el periodismo, adem\u00e1s de brindar m\u00e1s herramientas en la materia y as\u00ed abrir espacios de difusi\u00f3n para este tipo de contenidos, dieron inicio este jueves los Talleres de Profesionalizaci\u00f3n y Capacitaci\u00f3n en Divulgaci\u00f3n de la Ciencia, Tecnolog\u00eda e Innovaci\u00f3n.<\/p>\n<p>Al respecto, la titular de la Coordinaci\u00f3n General de Comunicaci\u00f3n Social (CGCS), Julieta L\u00f3pez Bautista, destac\u00f3 que con este Taller, que inici\u00f3 la vicepresidenta de la Red Mexicana de Periodistas de Ciencia, Aleida Rueda, y que impartir\u00e1 la pr\u00f3xima semana Manuel Lino, se da seguimiento a los esfuerzos por fortalecer la divulgaci\u00f3n cient\u00edfica iniciados hace un a\u00f1o con la participaci\u00f3n del doctor Mart\u00edn Bonfil Olivera.<\/p>\n<p>Acompa\u00f1ada del director general del Instituto de Ciencia, Tecnolog\u00eda e Innovaci\u00f3n de Michoac\u00e1n (ICTI), Jos\u00e9 Luis Monta\u00f1ez Espinosa, la funcionaria estatal expres\u00f3 que este tipo de talleres est\u00e1n dise\u00f1ados para potenciar las herramientas de las y los periodistas, comunicadores y comunicadoras, adem\u00e1s de ampliar los horizontes de esta profesi\u00f3n.<\/p>\n<p>\u201cEste tipo de capacitaciones han sido una de las premisas fundamentales que por instrucciones del Gobernador Silvano Aureoles se han implementado\u201d, apunt\u00f3.<\/p>\n<p>Julieta L\u00f3pez refiri\u00f3 que la divulgaci\u00f3n cient\u00edfica enriquece el debate p\u00fablico y ayuda en la toma de decisiones tanto en el \u00e1mbito individual como social, por lo que dese\u00f3 el mayor de los \u00e9xitos a quienes participan.<\/p>\n<p>En su oportunidad, el director general del ICTI agradeci\u00f3 el apoyo que en todo momento ha brindado la CGCS para la realizaci\u00f3n de este tipo de actividades.<\/p>\n<p>Refiri\u00f3 que este Taller se realiza en coordinaci\u00f3n entre la CGCS y el ICTI,\u00a0 en conjunto con el Consejo Nacional de Ciencia y Tecnolog\u00eda.<\/p>\n<p>Aleida Rueda ofreci\u00f3 el taller \u201c\u00bfC\u00f3mo transformar la informaci\u00f3n especializada en historias period\u00edsticas de ciencia?\u201d, que tiene por objetivo fortalecer la selecci\u00f3n y presentaci\u00f3n atractiva de contenidos cient\u00edficos desde los diversos g\u00e9neros period\u00edsticos, curso que se desarrollar\u00e1 el d\u00eda de hoy y ma\u00f1ana viernes 2 de marzo, de 09:00 a 14:00 horas.<\/p>\n<p>Aleida Rueda estudi\u00f3 Periodismo y\u00a0 Estudios Latinoamericanos en la Universidad Nacional Aut\u00f3noma de M\u00e9xico (UNAM); realiz\u00f3 un m\u00e1ster en Periodismo en la Universidad Rey Juan Carlos (Espa\u00f1a) y un diplomado en Periodismo para Pa\u00edses en Desarrollo en el Instituto Indio de Comunicaci\u00f3n de Masas (Nueva Delhi).<\/p>\n<p>Colabor\u00f3 durante cinco a\u00f1os en la Unidad de Periodismo de Ciencia, de la Direcci\u00f3n General de Divulgaci\u00f3n de la Ciencia de la UNAM.<\/p>\n<p>De igual manera, fue reportera de la Agencia EFE en El Cairo y ha publicado art\u00edculos sobre ciencia en medios como: Letras Libres, \u00bfC\u00f3mo ves?, QUO, SciDEV.Net, entre otros.<\/p>\n<p>Asimismo, ha ganado diversos premios, entre los que destacan el Premio Nacional de Divulgaci\u00f3n Period\u00edstica en Sustentabilidad 2013 y 2016.<\/p>\n<p>Actualmente es vicepresidenta de la Red Mexicana de Periodistas de Ciencia e imparte clases de Narrativa en la Especialidad de Divulgaci\u00f3n de la Econom\u00eda en el MIDE.<\/p>\n<p>El segundo taller, \u201cLa Atenci\u00f3n del p\u00fablico en medios digitales, un pez dif\u00edcil de pescar\u201d, estar\u00e1 a cargo del presidente de la Red Mexicana de Periodistas de Ciencia, Manuel Lino, y se llevar\u00e1 a cabo los d\u00edas viernes 9 de marzo, de 15:00 a 20:00 horas, y s\u00e1bado 10 de marzo, de 09:00 a 14:00 horas.<\/p>\n<p>&nbsp;<\/p>\n<p><img loading=\"lazy\" decoding=\"async\" class=\"\" src=\"https:\/\/gallery.mailchimp.com\/c3679d81029880892ab85d106\/images\/ec6aa42a-d09b-4ba5-8ea6-dd7c87676bb4.jpeg\" width=\"401\" height=\"225\" \/><\/p>\n","protected":false},"excerpt":{"rendered":"<p>Con el tema &#8220;\u00bfC\u00f3mo transformar la informaci\u00f3n especializada en historias period\u00edsticas de ciencia?&#8221;, la vicepresidenta la Red Mexicana de Periodistas de Ciencia, Aleida Rueda, dio inicio al taller. Potenciar las herramientas de las y los periodistas, comunicadores y comunicadoras, adem\u00e1s de ampliar los horizontes de esta profesi\u00f3n, el objetivo, indica la titular de la CGCS, [&hellip;]<\/p>\n","protected":false},"author":2,"featured_media":50971,"comment_status":"closed","ping_status":"closed","sticky":false,"template":"","format":"standard","meta":{"footnotes":""},"categories":[14,3,60],"tags":[],"class_list":["post-50970","post","type-post","status-publish","format-standard","has-post-thumbnail","hentry","category-destacadas","category-gobierno-del-estado-de-michoacan","category-michoacan"],"_links":{"self":[{"href":"https:\/\/radiowebmx.com\/nota\/wp-json\/wp\/v2\/posts\/50970","targetHints":{"allow":["GET"]}}],"collection":[{"href":"https:\/\/radiowebmx.com\/nota\/wp-json\/wp\/v2\/posts"}],"about":[{"href":"https:\/\/radiowebmx.com\/nota\/wp-json\/wp\/v2\/types\/post"}],"author":[{"embeddable":true,"href":"https:\/\/radiowebmx.com\/nota\/wp-json\/wp\/v2\/users\/2"}],"replies":[{"embeddable":true,"href":"https:\/\/radiowebmx.com\/nota\/wp-json\/wp\/v2\/comments?post=50970"}],"version-history":[{"count":1,"href":"https:\/\/radiowebmx.com\/nota\/wp-json\/wp\/v2\/posts\/50970\/revisions"}],"predecessor-version":[{"id":50972,"href":"https:\/\/radiowebmx.com\/nota\/wp-json\/wp\/v2\/posts\/50970\/revisions\/50972"}],"wp:featuredmedia":[{"embeddable":true,"href":"https:\/\/radiowebmx.com\/nota\/wp-json\/wp\/v2\/media\/50971"}],"wp:attachment":[{"href":"https:\/\/radiowebmx.com\/nota\/wp-json\/wp\/v2\/media?parent=50970"}],"wp:term":[{"taxonomy":"category","embeddable":true,"href":"https:\/\/radiowebmx.com\/nota\/wp-json\/wp\/v2\/categories?post=50970"},{"taxonomy":"post_tag","embeddable":true,"href":"https:\/\/radiowebmx.com\/nota\/wp-json\/wp\/v2\/tags?post=50970"}],"curies":[{"name":"wp","href":"https:\/\/api.w.org\/{rel}","templated":true}]}}