{"id":50967,"date":"2018-03-02T13:27:14","date_gmt":"2018-03-02T19:27:14","guid":{"rendered":"https:\/\/radiowebmx.com\/nota\/?p=50967"},"modified":"2018-03-02T14:02:18","modified_gmt":"2018-03-02T20:02:18","slug":"supervisa-iifeem-dignificacion-de-escuelas-en-zacapu","status":"publish","type":"post","link":"https:\/\/radiowebmx.com\/nota\/supervisa-iifeem-dignificacion-de-escuelas-en-zacapu\/","title":{"rendered":"Supervisa IIFEEM dignificaci\u00f3n de escuelas en Zacapu"},"content":{"rendered":"<p><img loading=\"lazy\" decoding=\"async\" class=\"\" src=\"https:\/\/gallery.mailchimp.com\/c3679d81029880892ab85d106\/images\/4dd31e9a-4fe3-41c0-a2b4-dcd263c7156a.jpg\" width=\"400\" height=\"266\" \/><\/p>\n<p>&nbsp;<\/p>\n<p><strong>Zacapu, Michoac\u00e1n, a 2 de marzo de 2018.-<\/strong>\u00a0En atenci\u00f3n a la instrucci\u00f3n del Gobernador Silvano Aureoles Conejo de dignificar las escuelas de los 113 municipios de la entidad, la directora general del Instituto de la Infraestructura F\u00edsica Educativa del Estado de Michoac\u00e1n (IIFEEM), Mar\u00eda Guadalupe D\u00edaz Chagolla, realiz\u00f3 una gira de trabajo por este municipio.<\/p>\n<p>Acompa\u00f1ada del alcalde Gerardo Torres Ochoa, la funcionaria estatal visit\u00f3 la Primaria \u201cMiguel Hidalgo y Costilla\u201d, la cual es un edificio que data de 1950 y alberga una poblaci\u00f3n de casi 700 estudiantes.<\/p>\n<p>Ante la comunidad estudiantil, D\u00edaz Chagolla record\u00f3 que para el Gobierno del Estado es prioritario garantizar una educaci\u00f3n de calidad, y expuso que en lo que va de la presente administraci\u00f3n han sido dignificadas m\u00e1s de mil 700 escuelas a trav\u00e9s de construcci\u00f3n, rehabilitaci\u00f3n y\/o equipamiento con una inversi\u00f3n de m\u00e1s de mil 200 millones de pesos.<\/p>\n<p>Detall\u00f3 que se han destinado alrededor de 23 millones de pesos para la dignificaci\u00f3n de m\u00e1s de 25 instituciones educativa de este municipio, entre las que destacan el Conalep y el Centro de Bachillerato Tecnol\u00f3gico Agropecuario No. 237.<\/p>\n<p>Posteriormente, las autoridades se trasladaron a las Primarias \u201cJusto Sierra\u201d y \u201cLiberaci\u00f3n Nacional\u201d, ubicadas en las comunidades de El Cuinato y Celanese, respectivamente, donde se levantar\u00e1 la c\u00e9dula de informaci\u00f3n t\u00e9cnica correspondiente.<\/p>\n<p>En su oportunidad, el presidente municipal se\u00f1al\u00f3 que se ha trabajado de manera coordinada con el Gobierno del Estado, que \u201cnos hay apoyado mucho para fortalecer la infraestructura educativa, en beneficio de las ni\u00f1as, los ni\u00f1os y j\u00f3venes de Zacapu\u201d.<\/p>\n<p>&nbsp;<\/p>\n","protected":false},"excerpt":{"rendered":"<p>&nbsp; Zacapu, Michoac\u00e1n, a 2 de marzo de 2018.-\u00a0En atenci\u00f3n a la instrucci\u00f3n del Gobernador Silvano Aureoles Conejo de dignificar las escuelas de los 113 municipios de la entidad, la directora general del Instituto de la Infraestructura F\u00edsica Educativa del Estado de Michoac\u00e1n (IIFEEM), Mar\u00eda Guadalupe D\u00edaz Chagolla, realiz\u00f3 una gira de trabajo por este [&hellip;]<\/p>\n","protected":false},"author":2,"featured_media":50968,"comment_status":"closed","ping_status":"closed","sticky":false,"template":"","format":"standard","meta":{"footnotes":""},"categories":[14,3,60],"tags":[],"class_list":["post-50967","post","type-post","status-publish","format-standard","has-post-thumbnail","hentry","category-destacadas","category-gobierno-del-estado-de-michoacan","category-michoacan"],"_links":{"self":[{"href":"https:\/\/radiowebmx.com\/nota\/wp-json\/wp\/v2\/posts\/50967","targetHints":{"allow":["GET"]}}],"collection":[{"href":"https:\/\/radiowebmx.com\/nota\/wp-json\/wp\/v2\/posts"}],"about":[{"href":"https:\/\/radiowebmx.com\/nota\/wp-json\/wp\/v2\/types\/post"}],"author":[{"embeddable":true,"href":"https:\/\/radiowebmx.com\/nota\/wp-json\/wp\/v2\/users\/2"}],"replies":[{"embeddable":true,"href":"https:\/\/radiowebmx.com\/nota\/wp-json\/wp\/v2\/comments?post=50967"}],"version-history":[{"count":1,"href":"https:\/\/radiowebmx.com\/nota\/wp-json\/wp\/v2\/posts\/50967\/revisions"}],"predecessor-version":[{"id":50969,"href":"https:\/\/radiowebmx.com\/nota\/wp-json\/wp\/v2\/posts\/50967\/revisions\/50969"}],"wp:featuredmedia":[{"embeddable":true,"href":"https:\/\/radiowebmx.com\/nota\/wp-json\/wp\/v2\/media\/50968"}],"wp:attachment":[{"href":"https:\/\/radiowebmx.com\/nota\/wp-json\/wp\/v2\/media?parent=50967"}],"wp:term":[{"taxonomy":"category","embeddable":true,"href":"https:\/\/radiowebmx.com\/nota\/wp-json\/wp\/v2\/categories?post=50967"},{"taxonomy":"post_tag","embeddable":true,"href":"https:\/\/radiowebmx.com\/nota\/wp-json\/wp\/v2\/tags?post=50967"}],"curies":[{"name":"wp","href":"https:\/\/api.w.org\/{rel}","templated":true}]}}