{"id":50950,"date":"2018-03-01T16:25:46","date_gmt":"2018-03-01T22:25:46","guid":{"rendered":"https:\/\/radiowebmx.com\/nota\/?p=50950"},"modified":"2018-03-02T11:09:02","modified_gmt":"2018-03-02T17:09:02","slug":"la-participacion-ciudadana-es-gestor-de-una-sociedad-responsable-miguel-angel-villegas","status":"publish","type":"post","link":"https:\/\/radiowebmx.com\/nota\/la-participacion-ciudadana-es-gestor-de-una-sociedad-responsable-miguel-angel-villegas\/","title":{"rendered":"La participaci\u00f3n ciudadana es gestor de una sociedad responsable: Miguel \u00c1ngel Villegas"},"content":{"rendered":"<p class=\"x_MsoNormal\"><b>Morelia;\u00a0\u00a0Michoac\u00e1n, 1 de Marzo de 2018.-<\/b>\u00a0Se seguir\u00e1 priorizando durante \u00e9ste tercer a\u00f1o legislativo la participaci\u00f3n ciudadana como gestor de una sociedad activa, as\u00ed lo mencion\u00f3 el diputado del Partido Acci\u00f3n Nacional (PAN), Miguel \u00c1ngel Villegas Soto. Al destacar que la iniciativa presentada para reformar la Ley de Mecanismo de Participaci\u00f3n Ciudadana, contin\u00faa y mantiene avances en su an\u00e1lisis dentro de las Comisiones Unidas de Puntos Constitucionales y Asuntos Electorales y Participaci\u00f3n Ciudadana.<\/p>\n<p class=\"x_MsoNormal\">Cabe recordar que dicha iniciativa permitir\u00e1 dotar al Estado de un instrumento legal s\u00f3lido que dar\u00e1 mayor certeza jur\u00eddica a los ciudadanos y a las autoridades.<\/p>\n<p class=\"x_MsoNormal\">Asimismo el legislador explic\u00f3 que con \u00e9sta propuesta se podr\u00e1n corregir las inconsistencias que actualmente presenta la Ley en el art\u00edculo 30 que regula el mecanismo del Plebiscito, y clarifica algunos de sus textos para que \u00e9sta pueda aplicarse de mejor manera.<\/p>\n<p class=\"x_MsoNormal\">\u201cLa normativa contiene errores e inconsistencias en su redacci\u00f3n que impide a los ciudadanos solicitar el procedimiento del Plebiscito, ya que hace referencia a un supuesto que corresponde al Refer\u00e9ndum\u201d, detall\u00f3.<\/p>\n<p class=\"x_MsoNormal\">A lo anterior Villegas Soto propuso reformar, adicionar y derogar diversas disposiciones de la Ley de Mecanismos de Participaci\u00f3n Ciudadana del Estado de Michoac\u00e1n, para darle m\u00e1s poder al ciudadano.<\/p>\n","protected":false},"excerpt":{"rendered":"<p>Morelia;\u00a0\u00a0Michoac\u00e1n, 1 de Marzo de 2018.-\u00a0Se seguir\u00e1 priorizando durante \u00e9ste tercer a\u00f1o legislativo la participaci\u00f3n ciudadana como gestor de una sociedad activa, as\u00ed lo mencion\u00f3 el diputado del Partido Acci\u00f3n Nacional (PAN), Miguel \u00c1ngel Villegas Soto. Al destacar que la iniciativa presentada para reformar la Ley de Mecanismo de Participaci\u00f3n Ciudadana, contin\u00faa y mantiene avances [&hellip;]<\/p>\n","protected":false},"author":2,"featured_media":50951,"comment_status":"closed","ping_status":"closed","sticky":false,"template":"","format":"standard","meta":{"footnotes":""},"categories":[6,14],"tags":[],"class_list":["post-50950","post","type-post","status-publish","format-standard","has-post-thumbnail","hentry","category-congreso-del-estado","category-destacadas"],"_links":{"self":[{"href":"https:\/\/radiowebmx.com\/nota\/wp-json\/wp\/v2\/posts\/50950","targetHints":{"allow":["GET"]}}],"collection":[{"href":"https:\/\/radiowebmx.com\/nota\/wp-json\/wp\/v2\/posts"}],"about":[{"href":"https:\/\/radiowebmx.com\/nota\/wp-json\/wp\/v2\/types\/post"}],"author":[{"embeddable":true,"href":"https:\/\/radiowebmx.com\/nota\/wp-json\/wp\/v2\/users\/2"}],"replies":[{"embeddable":true,"href":"https:\/\/radiowebmx.com\/nota\/wp-json\/wp\/v2\/comments?post=50950"}],"version-history":[{"count":1,"href":"https:\/\/radiowebmx.com\/nota\/wp-json\/wp\/v2\/posts\/50950\/revisions"}],"predecessor-version":[{"id":50952,"href":"https:\/\/radiowebmx.com\/nota\/wp-json\/wp\/v2\/posts\/50950\/revisions\/50952"}],"wp:featuredmedia":[{"embeddable":true,"href":"https:\/\/radiowebmx.com\/nota\/wp-json\/wp\/v2\/media\/50951"}],"wp:attachment":[{"href":"https:\/\/radiowebmx.com\/nota\/wp-json\/wp\/v2\/media?parent=50950"}],"wp:term":[{"taxonomy":"category","embeddable":true,"href":"https:\/\/radiowebmx.com\/nota\/wp-json\/wp\/v2\/categories?post=50950"},{"taxonomy":"post_tag","embeddable":true,"href":"https:\/\/radiowebmx.com\/nota\/wp-json\/wp\/v2\/tags?post=50950"}],"curies":[{"name":"wp","href":"https:\/\/api.w.org\/{rel}","templated":true}]}}