{"id":50947,"date":"2018-03-01T17:05:18","date_gmt":"2018-03-01T23:05:18","guid":{"rendered":"https:\/\/radiowebmx.com\/nota\/?p=50947"},"modified":"2018-03-02T11:06:38","modified_gmt":"2018-03-02T17:06:38","slug":"exige-roberto-carlos-garantizar-condiciones-de-seguridad-y-paz-para-los-michoacanos","status":"publish","type":"post","link":"https:\/\/radiowebmx.com\/nota\/exige-roberto-carlos-garantizar-condiciones-de-seguridad-y-paz-para-los-michoacanos\/","title":{"rendered":"Exige Roberto Carlos garantizar condiciones de seguridad y paz para los michoacanos"},"content":{"rendered":"<ul type=\"disc\">\n<li class=\"x_MsoNormal\"><strong>Ante los recientes hechos de violencia en la entidad, emplaz\u00f3 al Gobierno Estatal a revisar la estrategia de seguridad<\/strong><\/li>\n<\/ul>\n<p class=\"x_MsoNormal\"><b>Morelia;\u00a0\u00a0Michoac\u00e1n, 1 de Marzo de 2018.-<\/b>\u00a0El diputado del PRI, Roberto Carlos L\u00f3pez Garc\u00eda demand\u00f3 al Gobierno del Estado, generar condiciones de paz y estabilidad para Michoac\u00e1n, esto \u00a0ante los recientes bloqueos que se han dado en diferentes partes del territorio estatal.<\/p>\n<p class=\"x_MsoNormal\">Tras los acontecimientos ocurridos en diversos puntos estrat\u00e9gicos de \u00a0Tierra Caliente, el diputado integrante de la comisi\u00f3n de Seguridad y Protecci\u00f3n Civil, exigi\u00f3 garantizar condiciones para el tr\u00e1nsito libre de los ciudadanos.<\/p>\n<p class=\"x_MsoNormal\">Asimismo, sostuvo que este tipo de situaciones afectan la estabilidad econ\u00f3mica del estado e impactan en la certidumbre de empresas e inversionistas que depositan su confianza en Michoac\u00e1n, con miras al crecimiento econ\u00f3mico.<\/p>\n<p class=\"x_MsoNormal\">El diputado priista refiri\u00f3 que el Gobierno del presidente Enrique Pe\u00f1a Nieto, ha dado un apoyo decidido a la entidad, otorgando recursos sin precedentes, as\u00ed como inversiones en infraestructura y programas sociales, para contribuir a la recomposici\u00f3n del tejido social, sin embargo, dijo, es necesario hacer una revisi\u00f3n de qu\u00e9 manera la autoridad estatal aplicado estos recursos y el impacto que ha tenido en el estado.<\/p>\n<p class=\"x_MsoNormal\">\u201cSe debe hacer una revisi\u00f3n de cu\u00e1l ha sido la estrategia de Michoac\u00e1n para recuperar la estabilidad social, es fundamental hacer una autocr\u00edtica y establecer cu\u00e1les son las acciones que a mediano y largo plazo pueden dar resultados, con miras a la prevenci\u00f3n del delito\u201d, dijo.<\/p>\n<p class=\"x_MsoNormal\">Asimismo record\u00f3 que el Congreso del Estado hace m\u00e1s de un a\u00f1o aprob\u00f3 la Ley para una Cultura de Paz y Prevenci\u00f3n de la Violencia y la Delincuencia en Michoac\u00e1n, misma que fue presentada por su compa\u00f1ero de bancada Wilfrido L\u00e1zaro Medina y que hasta la fecha no cuenta con un reglamento, por lo que urgi\u00f3 trabajar en esta normatividad que contempla la prevenci\u00f3n del delito y la reconstrucci\u00f3n del tejido social.<\/p>\n","protected":false},"excerpt":{"rendered":"<p>Ante los recientes hechos de violencia en la entidad, emplaz\u00f3 al Gobierno Estatal a revisar la estrategia de seguridad Morelia;\u00a0\u00a0Michoac\u00e1n, 1 de Marzo de 2018.-\u00a0El diputado del PRI, Roberto Carlos L\u00f3pez Garc\u00eda demand\u00f3 al Gobierno del Estado, generar condiciones de paz y estabilidad para Michoac\u00e1n, esto \u00a0ante los recientes bloqueos que se han dado en [&hellip;]<\/p>\n","protected":false},"author":2,"featured_media":50948,"comment_status":"closed","ping_status":"closed","sticky":false,"template":"","format":"standard","meta":{"footnotes":""},"categories":[6,14],"tags":[],"class_list":["post-50947","post","type-post","status-publish","format-standard","has-post-thumbnail","hentry","category-congreso-del-estado","category-destacadas"],"_links":{"self":[{"href":"https:\/\/radiowebmx.com\/nota\/wp-json\/wp\/v2\/posts\/50947","targetHints":{"allow":["GET"]}}],"collection":[{"href":"https:\/\/radiowebmx.com\/nota\/wp-json\/wp\/v2\/posts"}],"about":[{"href":"https:\/\/radiowebmx.com\/nota\/wp-json\/wp\/v2\/types\/post"}],"author":[{"embeddable":true,"href":"https:\/\/radiowebmx.com\/nota\/wp-json\/wp\/v2\/users\/2"}],"replies":[{"embeddable":true,"href":"https:\/\/radiowebmx.com\/nota\/wp-json\/wp\/v2\/comments?post=50947"}],"version-history":[{"count":1,"href":"https:\/\/radiowebmx.com\/nota\/wp-json\/wp\/v2\/posts\/50947\/revisions"}],"predecessor-version":[{"id":50949,"href":"https:\/\/radiowebmx.com\/nota\/wp-json\/wp\/v2\/posts\/50947\/revisions\/50949"}],"wp:featuredmedia":[{"embeddable":true,"href":"https:\/\/radiowebmx.com\/nota\/wp-json\/wp\/v2\/media\/50948"}],"wp:attachment":[{"href":"https:\/\/radiowebmx.com\/nota\/wp-json\/wp\/v2\/media?parent=50947"}],"wp:term":[{"taxonomy":"category","embeddable":true,"href":"https:\/\/radiowebmx.com\/nota\/wp-json\/wp\/v2\/categories?post=50947"},{"taxonomy":"post_tag","embeddable":true,"href":"https:\/\/radiowebmx.com\/nota\/wp-json\/wp\/v2\/tags?post=50947"}],"curies":[{"name":"wp","href":"https:\/\/api.w.org\/{rel}","templated":true}]}}