{"id":50944,"date":"2018-03-01T18:59:59","date_gmt":"2018-03-02T00:59:59","guid":{"rendered":"https:\/\/radiowebmx.com\/nota\/?p=50944"},"modified":"2018-03-02T11:04:52","modified_gmt":"2018-03-02T17:04:52","slug":"derecho-procesal-constitucional-en-evolucion-edgar-caballero","status":"publish","type":"post","link":"https:\/\/radiowebmx.com\/nota\/derecho-procesal-constitucional-en-evolucion-edgar-caballero\/","title":{"rendered":"Derecho Procesal Constitucional, en evoluci\u00f3n: Edgar Caballero"},"content":{"rendered":"<p><img loading=\"lazy\" decoding=\"async\" class=\"\" src=\"https:\/\/attachment.outlook.office.net\/owa\/ultrapolitica@hotmail.com\/service.svc\/s\/GetAttachmentThumbnail?id=AQMkADAwATYwMAItODMyNi00ODU0LTAwAi0wMAoARgAAA5HawHgQuq9DrqMPu%2BRLC5sHANRV7lYdW%2FpNtd2j%2BEW2swoAAAIBDAAAANRV7lYdW%2FpNtd2j%2BEW2swoAAjCHU4kAAAABEgAQACJW0NXChz9JtWU7ildRuP8%3D&amp;thumbnailType=2&amp;X-OWA-CANARY=f6jQ6MOE5E2-BXuXQ9Za_0Dp7GxfgNUYstrRWx1kpHHmfds48lzqMk879hi8oqMDSU-r28mlqLk.&amp;token=eyJ0eXAiOiJKV1QiLCJhbGciOiJSUzI1NiIsIng1dCI6ImVuaDlCSnJWUFU1aWpWMXFqWmpWLWZMMmJjbyJ9.eyJ2ZXIiOiJFeGNoYW5nZS5DYWxsYmFjay5WMSIsImFwcGN0eHNlbmRlciI6Ik93YURvd25sb2FkQDg0ZGY5ZTdmLWU5ZjYtNDBhZi1iNDM1LWFhYWFhYWFhYWFhYSIsImFwcGN0eCI6IntcIm1zZXhjaHByb3RcIjpcIm93YVwiLFwicHJpbWFyeXNpZFwiOlwiUy0xLTI4MjctMzkzMjE2LTIyMDAzMjQxODBcIixcInB1aWRcIjpcIjE2ODg4NTIwNjA1ODgxMTZcIixcIm9pZFwiOlwiMDAwNjAwMDAtODMyNi00ODU0LTAwMDAtMDAwMDAwMDAwMDAwXCIsXCJzY29wZVwiOlwiT3dhRG93bmxvYWRcIn0iLCJpc3MiOiIwMDAwMDAwMi0wMDAwLTBmZjEtY2UwMC0wMDAwMDAwMDAwMDBAODRkZjllN2YtZTlmNi00MGFmLWI0MzUtYWFhYWFhYWFhYWFhIiwiYXVkIjoiMDAwMDAwMDItMDAwMC0wZmYxLWNlMDAtMDAwMDAwMDAwMDAwL2F0dGFjaG1lbnQub3V0bG9vay5vZmZpY2UubmV0QDg0ZGY5ZTdmLWU5ZjYtNDBhZi1iNDM1LWFhYWFhYWFhYWFhYSIsImV4cCI6MTUyMDAxMDc2MCwibmJmIjoxNTIwMDEwMTYwfQ.N9tw2SzjiSc1k36mB2VanuPNgVpr5vz9ohMnxOo8y--PcvFcXg7-Njn_-lX2k0YnH792YkXSsCHk91tdrAVXTq0NoekEWhLg62d4Nkr6SZkCLsQEqFUgSsDZ8mNNU5_PIJipGl-xuPkjeoUo-iXMtEHXi_Oxpzw2WZs9Lx1TNnSPc-JkWlbD8BvDcZ9qzcFoRoXbsSeSS66kSIjAcd9adQFOiORDRlMkOW4clA4Zj0xqItugPPkHxPgQXmERzAb_dFTMb_bC2p_l4YbHh4LbOdRge4_tzG1K7YlAXxgDu5z-SasV6EYsi19XAgtxwPC4MWxJkf2pE255io9LUTd5sQ&amp;owa=outlook.live.com&amp;isc=1\" width=\"400\" height=\"267\" \/><\/p>\n<ul>\n<li class=\"x_gmail-m6943211560192697906ydp482758c5msolistparagraph\"><strong>Presentaron libro en el Congreso del Estado<\/strong><i><\/i><\/li>\n<\/ul>\n<p class=\"x_gmail-m6943211560192697906ydp482758c5msonormal\"><b>Morelia;\u00a0\u00a0Michoac\u00e1n, 1 de Marzo de 2018.-<\/b>\u00a0En el libro \u201cCurso b\u00e1sico de Derecho Procesal Constitucional\u201d, el autor Edgar Caballero, conjunt\u00f3 la mejor doctrina procesal constitucional de Iberoam\u00e9rica, los criterios de interpretaci\u00f3n de las garant\u00edas constitucionales de la SCJN, an\u00e1lisis comparativos del funcionamiento de los tribunales constitucionales en el mundo y su experiencia como docente e investigador.<\/p>\n<p class=\"x_gmail-m6943211560192697906ydp482758c5msonormal\">\u00a0En el libro que fue presentado en el Sal\u00f3n de Recepciones del Congreso del Estado, por gestiones de Francisco Castelazo, director del IIEL, se realiza un profundo an\u00e1lisis de los mecanismos de control constitucional existentes en M\u00e9xico, comentaron Yadira Blanco y\u00a0 el Dr. Francisco Ramos,<\/p>\n<p class=\"x_gmail-m6943211560192697906ydp482758c5msonormal\">Debido que el Derecho Procesal Constitucional una disciplina que se encuentra en constante cambio, el Manual b\u00e1sico del Maestro Edgar Caballero resulta ser una parte fundamental para comprender esta materia, porque \u00a0es una radiograf\u00eda del estado que guarda esta disciplina en M\u00e9xico; por ello, es lectura obligada para todos los estudiosos del derecho y para todas aquellas personas que quieran tener un acercamiento a esta disciplina, se\u00f1al\u00f3 \u00c1ngel Saucedo, quien tambi\u00e9n particip\u00f3 como comentarista,.<\/p>\n<p class=\"x_gmail-m6943211560192697906ydp482758c5msonormal\">El texto de referencia, atinadamente comienza abordando las dimensiones y conceptualizaci\u00f3n del Derecho Procesal Constitucional, contin\u00faa con un repaso por los sistemas de control constitucional las diversas concepciones y experiencias de los Tribunales Constitucionales.<\/p>\n<p class=\"x_gmail-m6943211560192697906ydp482758c5msonormal\">\u00c1ngel Saucedo se\u00f1ala que para poder avanzar en el desarrollo de Derecho Procesal Constitucional local y la defensa del federalismo en sus diversos aspectos, es fundamental ahondar en el estudio de esta materia de manera te\u00f3rica, el desarrollo pr\u00e1ctico y las experiencias comparadas.<\/p>\n<p class=\"x_gmail-m6943211560192697906ydp482758c5msonormal\">El autor se\u00f1al\u00f3 que el libro tiene nueve cap\u00edtulos, 150 referencias bibliogr\u00e1ficas y 180 notas de pie de p\u00e1gina y resalto que desgraciadamente el derecho procesal constitucional no se encuentra en la curr\u00edcula de las escuelas de leyes del pa\u00eds; por ello, la pertinencia de este texto. Edgar Caballero es autor de 36 libros.<\/p>\n","protected":false},"excerpt":{"rendered":"<p>Presentaron libro en el Congreso del Estado Morelia;\u00a0\u00a0Michoac\u00e1n, 1 de Marzo de 2018.-\u00a0En el libro \u201cCurso b\u00e1sico de Derecho Procesal Constitucional\u201d, el autor Edgar Caballero, conjunt\u00f3 la mejor doctrina procesal constitucional de Iberoam\u00e9rica, los criterios de interpretaci\u00f3n de las garant\u00edas constitucionales de la SCJN, an\u00e1lisis comparativos del funcionamiento de los tribunales constitucionales en el mundo [&hellip;]<\/p>\n","protected":false},"author":2,"featured_media":50945,"comment_status":"closed","ping_status":"closed","sticky":false,"template":"","format":"standard","meta":{"footnotes":""},"categories":[6,14],"tags":[],"class_list":["post-50944","post","type-post","status-publish","format-standard","has-post-thumbnail","hentry","category-congreso-del-estado","category-destacadas"],"_links":{"self":[{"href":"https:\/\/radiowebmx.com\/nota\/wp-json\/wp\/v2\/posts\/50944","targetHints":{"allow":["GET"]}}],"collection":[{"href":"https:\/\/radiowebmx.com\/nota\/wp-json\/wp\/v2\/posts"}],"about":[{"href":"https:\/\/radiowebmx.com\/nota\/wp-json\/wp\/v2\/types\/post"}],"author":[{"embeddable":true,"href":"https:\/\/radiowebmx.com\/nota\/wp-json\/wp\/v2\/users\/2"}],"replies":[{"embeddable":true,"href":"https:\/\/radiowebmx.com\/nota\/wp-json\/wp\/v2\/comments?post=50944"}],"version-history":[{"count":1,"href":"https:\/\/radiowebmx.com\/nota\/wp-json\/wp\/v2\/posts\/50944\/revisions"}],"predecessor-version":[{"id":50946,"href":"https:\/\/radiowebmx.com\/nota\/wp-json\/wp\/v2\/posts\/50944\/revisions\/50946"}],"wp:featuredmedia":[{"embeddable":true,"href":"https:\/\/radiowebmx.com\/nota\/wp-json\/wp\/v2\/media\/50945"}],"wp:attachment":[{"href":"https:\/\/radiowebmx.com\/nota\/wp-json\/wp\/v2\/media?parent=50944"}],"wp:term":[{"taxonomy":"category","embeddable":true,"href":"https:\/\/radiowebmx.com\/nota\/wp-json\/wp\/v2\/categories?post=50944"},{"taxonomy":"post_tag","embeddable":true,"href":"https:\/\/radiowebmx.com\/nota\/wp-json\/wp\/v2\/tags?post=50944"}],"curies":[{"name":"wp","href":"https:\/\/api.w.org\/{rel}","templated":true}]}}