{"id":50869,"date":"2018-02-27T22:31:18","date_gmt":"2018-02-28T04:31:18","guid":{"rendered":"https:\/\/radiowebmx.com\/nota\/?p=50869"},"modified":"2018-02-28T12:37:07","modified_gmt":"2018-02-28T18:37:07","slug":"reconoce-jeovana-alcantar-crecimiento-de-michoacan","status":"publish","type":"post","link":"https:\/\/radiowebmx.com\/nota\/reconoce-jeovana-alcantar-crecimiento-de-michoacan\/","title":{"rendered":"Reconoce Jeovana Alc\u00e1ntar crecimiento de Michoac\u00e1n"},"content":{"rendered":"<p><img loading=\"lazy\" decoding=\"async\" class=\"\" src=\"https:\/\/attachment.outlook.office.net\/owa\/ultrapolitica@hotmail.com\/service.svc\/s\/GetAttachmentThumbnail?id=AQMkADAwATYwMAItODMyNi00ODU0LTAwAi0wMAoARgAAA5HawHgQuq9DrqMPu%2BRLC5sHANRV7lYdW%2FpNtd2j%2BEW2swoAAAIBDAAAANRV7lYdW%2FpNtd2j%2BEW2swoAAi3AYKcAAAABEgAQABdJ5LuwpVBPhvsn%2F2VJxhM%3D&amp;thumbnailType=2&amp;X-OWA-CANARY=lOZm5T7-nUeBAigMPj47qoCXIAjaftUY-Oz6SJq7i4fPh5OCAhBo3gvkAtTgdH5VvwZ2ur_Mjrk.&amp;token=eyJ0eXAiOiJKV1QiLCJhbGciOiJSUzI1NiIsIng1dCI6ImVuaDlCSnJWUFU1aWpWMXFqWmpWLWZMMmJjbyJ9.eyJ2ZXIiOiJFeGNoYW5nZS5DYWxsYmFjay5WMSIsImFwcGN0eHNlbmRlciI6Ik93YURvd25sb2FkQDg0ZGY5ZTdmLWU5ZjYtNDBhZi1iNDM1LWFhYWFhYWFhYWFhYSIsImFwcGN0eCI6IntcIm1zZXhjaHByb3RcIjpcIm93YVwiLFwicHJpbWFyeXNpZFwiOlwiUy0xLTI4MjctMzkzMjE2LTIyMDAzMjQxODBcIixcInB1aWRcIjpcIjE2ODg4NTIwNjA1ODgxMTZcIixcIm9pZFwiOlwiMDAwNjAwMDAtODMyNi00ODU0LTAwMDAtMDAwMDAwMDAwMDAwXCIsXCJzY29wZVwiOlwiT3dhRG93bmxvYWRcIn0iLCJpc3MiOiIwMDAwMDAwMi0wMDAwLTBmZjEtY2UwMC0wMDAwMDAwMDAwMDBAODRkZjllN2YtZTlmNi00MGFmLWI0MzUtYWFhYWFhYWFhYWFhIiwiYXVkIjoiMDAwMDAwMDItMDAwMC0wZmYxLWNlMDAtMDAwMDAwMDAwMDAwL2F0dGFjaG1lbnQub3V0bG9vay5vZmZpY2UubmV0QDg0ZGY5ZTdmLWU5ZjYtNDBhZi1iNDM1LWFhYWFhYWFhYWFhYSIsImV4cCI6MTUxOTg0MzMyMCwibmJmIjoxNTE5ODQyNzIwfQ.j1UsIE5wMA5_6ybm-KUjbNYtWJF1aXOkaM_tHEb31pWd-dEdDpTQQxGTqNYlKCf56RDXq4zwM_mY55MSro3n3P_oNxRK7Ix5tqf3xmCcNus7cSWmu6e0356S3PbM4BsAVTQMIFuNEjXmEnMR2k0o868tUxTlMIr_mFzK851EQuFLbYp49Dd1Q-dlbjzyzKHsPaIk0ZyTs-WueYunsxsksxzPY-dfKV43S5_NDTVsGk7pc8Jf1srFkADSiqpFE4NbAFKoI2L0GGHJ9c0JmPxdcZzJBRpuAobgTfmj57X32aAODLH2qM1dAV6l7lOFPahSobwHuAjZxT715mes5Q6uQQ&amp;owa=outlook.live.com&amp;isc=1\" width=\"399\" height=\"299\" \/><\/p>\n<p>&nbsp;<\/p>\n<p class=\"x_MsoNormal\"><b>Morelia;\u00a0\u00a0Michoac\u00e1n, 27 de febrero de 2018.-<\/b>\u00a0En Michoac\u00e1n se ha logrado avanzar en el combate a la pobreza y en la generaci\u00f3n de empleos, claro ejemplo de ello son las cifras que se\u00f1alan que la entidad se encuentra entre los cinco estados del pa\u00eds con la tasa m\u00e1s baja de desempleo, afirm\u00f3 la diputada Jeovana Alc\u00e1ntar Baca, quien consider\u00f3 que deben fortalecer las pol\u00edticas p\u00fablicas encaminadas a disminuir la marginaci\u00f3n en los municipios y brindar atenci\u00f3n espec\u00edfica por regiones, a fin de seguir impulsando el desarrollo de la entidad.<\/p>\n<p class=\"x_MsoNormal\">La presidenta de la Comisi\u00f3n de Fortalecimiento Municipal y L\u00edmites Territoriales, se\u00f1al\u00f3 que Michoac\u00e1n tiene pilares fundamentales para la econom\u00eda de la entidad y en esta administraci\u00f3n estatal y con apoyo del Congreso del Estado se han logrado crecer e impulsarlos.<\/p>\n<p class=\"x_MsoNormal\">Reconoci\u00f3 la pol\u00edtica de desarrollo econ\u00f3mico que se implementa en Michoac\u00e1n, la cual se ve reflejada en el bienestar de los ciudadanos, en lo que se ha logrado avanzar \u201cya que se tiene claro que las personas son el motor impulsor de las pol\u00edticas p\u00fablicas, de manera que est\u00e9n en el centro de las prioridades de las autoridades\u201d.<\/p>\n<p class=\"x_MsoNormal\">La diputada local por el Distrito de Hidalgo, llam\u00f3 a las autoridades municipales a no bajar la guardia en esta recta final de los gobiernos locales y estar presentes para atender las demandas de la poblaci\u00f3n.<\/p>\n<p class=\"x_MsoNormal\">Jeovana Alc\u00e1ntar resalt\u00f3 que los gobiernos son administraciones que justamente tienen como misi\u00f3n el administrar los bienes p\u00fablicos, y para poder hacerlo debe estar en el centro el sentir y la voz de las personas, pues de lo contrario la legitimidad y credibilidad se evapora.<\/p>\n<p class=\"x_MsoNormal\">Asimismo mencion\u00f3 que entre las principales necesidades que existen en los municipios es materia de caminos, mantenimiento a las zonas urbanizadas, atenci\u00f3n a las rurales, se precisa trabajar en dotar a las personas de los m\u00ednimos necesarios para su desarrollo, como lo es agua potable, alumbrado, un techo donde vivir, y fuentes de empleo bien remuneradas.<\/p>\n<p class=\"x_MsoNormal\">En ese sentido, enfatiz\u00f3 que el gobierno estatal ha emprendido acciones para impulsar el desarrollo de los municipios, no obstante, indic\u00f3 que las autoridades locales deben priorizar desde el inicio de sus administraciones en sus planes de gobierno las necesidades m\u00e1s apremiantes y enfocarse de la misma forma la aplicaci\u00f3n de las pol\u00edticas p\u00fablicas que atiendan de fondo las necesidades de la gente y no bajar la guardia, trabajando d\u00eda a d\u00eda en atender los reclamos sociales.<\/p>\n<p class=\"x_MsoNormal\">\n","protected":false},"excerpt":{"rendered":"<p>&nbsp; Morelia;\u00a0\u00a0Michoac\u00e1n, 27 de febrero de 2018.-\u00a0En Michoac\u00e1n se ha logrado avanzar en el combate a la pobreza y en la generaci\u00f3n de empleos, claro ejemplo de ello son las cifras que se\u00f1alan que la entidad se encuentra entre los cinco estados del pa\u00eds con la tasa m\u00e1s baja de desempleo, afirm\u00f3 la diputada Jeovana [&hellip;]<\/p>\n","protected":false},"author":2,"featured_media":50870,"comment_status":"closed","ping_status":"closed","sticky":false,"template":"","format":"standard","meta":{"footnotes":""},"categories":[14,60,9],"tags":[],"class_list":["post-50869","post","type-post","status-publish","format-standard","has-post-thumbnail","hentry","category-destacadas","category-michoacan","category-morelia"],"_links":{"self":[{"href":"https:\/\/radiowebmx.com\/nota\/wp-json\/wp\/v2\/posts\/50869","targetHints":{"allow":["GET"]}}],"collection":[{"href":"https:\/\/radiowebmx.com\/nota\/wp-json\/wp\/v2\/posts"}],"about":[{"href":"https:\/\/radiowebmx.com\/nota\/wp-json\/wp\/v2\/types\/post"}],"author":[{"embeddable":true,"href":"https:\/\/radiowebmx.com\/nota\/wp-json\/wp\/v2\/users\/2"}],"replies":[{"embeddable":true,"href":"https:\/\/radiowebmx.com\/nota\/wp-json\/wp\/v2\/comments?post=50869"}],"version-history":[{"count":1,"href":"https:\/\/radiowebmx.com\/nota\/wp-json\/wp\/v2\/posts\/50869\/revisions"}],"predecessor-version":[{"id":50871,"href":"https:\/\/radiowebmx.com\/nota\/wp-json\/wp\/v2\/posts\/50869\/revisions\/50871"}],"wp:featuredmedia":[{"embeddable":true,"href":"https:\/\/radiowebmx.com\/nota\/wp-json\/wp\/v2\/media\/50870"}],"wp:attachment":[{"href":"https:\/\/radiowebmx.com\/nota\/wp-json\/wp\/v2\/media?parent=50869"}],"wp:term":[{"taxonomy":"category","embeddable":true,"href":"https:\/\/radiowebmx.com\/nota\/wp-json\/wp\/v2\/categories?post=50869"},{"taxonomy":"post_tag","embeddable":true,"href":"https:\/\/radiowebmx.com\/nota\/wp-json\/wp\/v2\/tags?post=50869"}],"curies":[{"name":"wp","href":"https:\/\/api.w.org\/{rel}","templated":true}]}}