{"id":50860,"date":"2018-02-28T12:20:11","date_gmt":"2018-02-28T18:20:11","guid":{"rendered":"https:\/\/radiowebmx.com\/nota\/?p=50860"},"modified":"2018-02-28T12:20:11","modified_gmt":"2018-02-28T18:20:11","slug":"juanita-noemi-ramirez-asume-presidencia-del-congreso-local-antonio-garcia-la-jucopo","status":"publish","type":"post","link":"https:\/\/radiowebmx.com\/nota\/juanita-noemi-ramirez-asume-presidencia-del-congreso-local-antonio-garcia-la-jucopo\/","title":{"rendered":"Juanita Noem\u00ed Ram\u00edrez asume presidencia del Congreso local; Antonio Garc\u00eda la Jucopo"},"content":{"rendered":"<p class=\"x_MsoNormal\"><b>Morelia; Michoac\u00e1n, 28 de febrero de 2018<\/b>.- En sesi\u00f3n extraordinaria, el Congreso local aprob\u00f3 la designaci\u00f3n de la diputada Juanita Noem\u00ed Ram\u00edrez Bravo, como presidente de la Mesa Directiva a partir del 1 de marzo del 2018.<\/p>\n<p class=\"x_MsoNormal\">En ese sentido, la m\u00e1xima representaci\u00f3n legislativa ser\u00e1 integrada por los diputados: Jos\u00e9 Daniel Moncada S\u00e1nchez, Vicepresidente; Francisco Campos Ru\u00edz, Primer Secretario; Eduardo Garc\u00eda Chavira; Segunda Secretario y Juan Manuel Figueroa Ceja, Tercera Secretario.<\/p>\n<p class=\"x_MsoNormal\">En tanto que la Junta de Coordinaci\u00f3n Pol\u00edtica ser\u00e1 presidida por el diputado Antonio Garc\u00eda Conejo, e integrada por los legisladores Adriana Hern\u00e1ndez \u00cd\u00f1iguez, H\u00e9ctor G\u00f3mez Trujillo, Mary Carmen Bernal Mart\u00ednez, Ernesto N\u00fa\u00f1ez Aguilar, Enrique Zepeda Ontiveros y\u00a0\u00a0Juanita Noem\u00ed Ram\u00edrez Bravo.<\/p>\n","protected":false},"excerpt":{"rendered":"<p>Morelia; Michoac\u00e1n, 28 de febrero de 2018.- En sesi\u00f3n extraordinaria, el Congreso local aprob\u00f3 la designaci\u00f3n de la diputada Juanita Noem\u00ed Ram\u00edrez Bravo, como presidente de la Mesa Directiva a partir del 1 de marzo del 2018. En ese sentido, la m\u00e1xima representaci\u00f3n legislativa ser\u00e1 integrada por los diputados: Jos\u00e9 Daniel Moncada S\u00e1nchez, Vicepresidente; Francisco [&hellip;]<\/p>\n","protected":false},"author":2,"featured_media":50861,"comment_status":"closed","ping_status":"closed","sticky":false,"template":"","format":"standard","meta":{"footnotes":""},"categories":[6,14],"tags":[],"class_list":["post-50860","post","type-post","status-publish","format-standard","has-post-thumbnail","hentry","category-congreso-del-estado","category-destacadas"],"_links":{"self":[{"href":"https:\/\/radiowebmx.com\/nota\/wp-json\/wp\/v2\/posts\/50860","targetHints":{"allow":["GET"]}}],"collection":[{"href":"https:\/\/radiowebmx.com\/nota\/wp-json\/wp\/v2\/posts"}],"about":[{"href":"https:\/\/radiowebmx.com\/nota\/wp-json\/wp\/v2\/types\/post"}],"author":[{"embeddable":true,"href":"https:\/\/radiowebmx.com\/nota\/wp-json\/wp\/v2\/users\/2"}],"replies":[{"embeddable":true,"href":"https:\/\/radiowebmx.com\/nota\/wp-json\/wp\/v2\/comments?post=50860"}],"version-history":[{"count":1,"href":"https:\/\/radiowebmx.com\/nota\/wp-json\/wp\/v2\/posts\/50860\/revisions"}],"predecessor-version":[{"id":50862,"href":"https:\/\/radiowebmx.com\/nota\/wp-json\/wp\/v2\/posts\/50860\/revisions\/50862"}],"wp:featuredmedia":[{"embeddable":true,"href":"https:\/\/radiowebmx.com\/nota\/wp-json\/wp\/v2\/media\/50861"}],"wp:attachment":[{"href":"https:\/\/radiowebmx.com\/nota\/wp-json\/wp\/v2\/media?parent=50860"}],"wp:term":[{"taxonomy":"category","embeddable":true,"href":"https:\/\/radiowebmx.com\/nota\/wp-json\/wp\/v2\/categories?post=50860"},{"taxonomy":"post_tag","embeddable":true,"href":"https:\/\/radiowebmx.com\/nota\/wp-json\/wp\/v2\/tags?post=50860"}],"curies":[{"name":"wp","href":"https:\/\/api.w.org\/{rel}","templated":true}]}}