{"id":50855,"date":"2018-02-28T09:30:42","date_gmt":"2018-02-28T15:30:42","guid":{"rendered":"https:\/\/radiowebmx.com\/nota\/?p=50855"},"modified":"2018-02-28T12:02:20","modified_gmt":"2018-02-28T18:02:20","slug":"secretaria-de-cultura-de-morelia-acerca-el-arte-a-personas-de-la-tercera-edad","status":"publish","type":"post","link":"https:\/\/radiowebmx.com\/nota\/secretaria-de-cultura-de-morelia-acerca-el-arte-a-personas-de-la-tercera-edad\/","title":{"rendered":"Secretar\u00eda de Cultura de Morelia acerca el arte a personas de la tercera edad"},"content":{"rendered":"<p><img loading=\"lazy\" decoding=\"async\" class=\"\" src=\"https:\/\/gallery.mailchimp.com\/4006ac058ed166735585eb757\/images\/6eb87097-89d0-4fcb-a806-dd1b75a440b5.jpeg\" width=\"400\" height=\"266\" \/><\/p>\n<ul>\n<li><strong>Se llevaran a cabo talleres de poes\u00eda durante todo el mes de marzo.<\/strong><\/li>\n<\/ul>\n<p>&nbsp;<\/p>\n<div>Para seguir acercando el arte y la cultura a los ciudadanos de todas las edades, el Ayuntamiento de Morelia a trav\u00e9s de la Secretar\u00eda de Cultura de Morelia (SECULMO), inici\u00f3 con la primera temporada de los Talleres Art\u00edsticos \u00a1Vive el Arte! que se realizar\u00e1n de febrero a marzo.<\/p>\n<p>En este sentido, la primera edici\u00f3n consisti\u00f3 de un Taller de Poes\u00eda impartido por la Maestra Mar\u00eda Guadalupe Guti\u00e9rrez Arroyo en la Estancia Diurna Adulto Mayor (EDAM) del Sistema DIF Municipal, donde poco m\u00e1s de 30 personas de la tercera edad pudieron realizar diversas actividades recreativas enfocadas a la poes\u00eda.<\/p>\n<p>La Directora de Arte Popular y Educaci\u00f3n, F\u00e1tima Ch\u00e1vez Alcaraz, inform\u00f3 que estas importantes actividades de sensibilidad y acercamiento continuar\u00e1n durante todos los lunes del mes de marzo en distintas ubicaciones como Centros Comunitarios, Centro de Atenci\u00f3n a Menores en Riesgo, Estancia del Adulto Mayor y tenencias.<\/p>\n<p>De igual forma destac\u00f3 que dicho programa tiene la principal finalidad de acercar a los morelianos a la cultura, mediante la experimentaci\u00f3n y disfrute de las artes en sus distintas expresiones.<\/p>\n<p>De esta manera el Ayuntamiento de Morelia a trav\u00e9s de la SECULMO, refrenda su compromiso por impulsar los programas para hacer llegar el arte a todos lo morelianos, sin distingo de su edad o su condici\u00f3n.<\/p><\/div>\n","protected":false},"excerpt":{"rendered":"<p>Se llevaran a cabo talleres de poes\u00eda durante todo el mes de marzo. &nbsp; Para seguir acercando el arte y la cultura a los ciudadanos de todas las edades, el Ayuntamiento de Morelia a trav\u00e9s de la Secretar\u00eda de Cultura de Morelia (SECULMO), inici\u00f3 con la primera temporada de los Talleres Art\u00edsticos \u00a1Vive el Arte! [&hellip;]<\/p>\n","protected":false},"author":2,"featured_media":50856,"comment_status":"closed","ping_status":"closed","sticky":false,"template":"","format":"standard","meta":{"footnotes":""},"categories":[14,60,9],"tags":[],"class_list":["post-50855","post","type-post","status-publish","format-standard","has-post-thumbnail","hentry","category-destacadas","category-michoacan","category-morelia"],"_links":{"self":[{"href":"https:\/\/radiowebmx.com\/nota\/wp-json\/wp\/v2\/posts\/50855","targetHints":{"allow":["GET"]}}],"collection":[{"href":"https:\/\/radiowebmx.com\/nota\/wp-json\/wp\/v2\/posts"}],"about":[{"href":"https:\/\/radiowebmx.com\/nota\/wp-json\/wp\/v2\/types\/post"}],"author":[{"embeddable":true,"href":"https:\/\/radiowebmx.com\/nota\/wp-json\/wp\/v2\/users\/2"}],"replies":[{"embeddable":true,"href":"https:\/\/radiowebmx.com\/nota\/wp-json\/wp\/v2\/comments?post=50855"}],"version-history":[{"count":1,"href":"https:\/\/radiowebmx.com\/nota\/wp-json\/wp\/v2\/posts\/50855\/revisions"}],"predecessor-version":[{"id":50857,"href":"https:\/\/radiowebmx.com\/nota\/wp-json\/wp\/v2\/posts\/50855\/revisions\/50857"}],"wp:featuredmedia":[{"embeddable":true,"href":"https:\/\/radiowebmx.com\/nota\/wp-json\/wp\/v2\/media\/50856"}],"wp:attachment":[{"href":"https:\/\/radiowebmx.com\/nota\/wp-json\/wp\/v2\/media?parent=50855"}],"wp:term":[{"taxonomy":"category","embeddable":true,"href":"https:\/\/radiowebmx.com\/nota\/wp-json\/wp\/v2\/categories?post=50855"},{"taxonomy":"post_tag","embeddable":true,"href":"https:\/\/radiowebmx.com\/nota\/wp-json\/wp\/v2\/tags?post=50855"}],"curies":[{"name":"wp","href":"https:\/\/api.w.org\/{rel}","templated":true}]}}