{"id":50852,"date":"2018-02-28T11:20:33","date_gmt":"2018-02-28T17:20:33","guid":{"rendered":"https:\/\/radiowebmx.com\/nota\/?p=50852"},"modified":"2018-02-28T11:55:53","modified_gmt":"2018-02-28T17:55:53","slug":"alcalde-alfonso-martinez-fortalece-lazos-de-trabajo-con-comerciantes","status":"publish","type":"post","link":"https:\/\/radiowebmx.com\/nota\/alcalde-alfonso-martinez-fortalece-lazos-de-trabajo-con-comerciantes\/","title":{"rendered":"Alcalde Alfonso Mart\u00ednez fortalece lazos de trabajo con comerciantes"},"content":{"rendered":"<p><img loading=\"lazy\" decoding=\"async\" class=\"\" src=\"https:\/\/gallery.mailchimp.com\/4006ac058ed166735585eb757\/images\/535e2fb6-f9fa-412a-9a24-af5bb8643a17.jpeg\" width=\"401\" height=\"267\" \/><\/p>\n<ul>\n<li><strong>El Presidente Municipal reitera su compromiso por apoyar a los diversos sectores econ\u00f3micos de la sociedad moreliana.<\/strong><\/li>\n<li><strong>Se seguir\u00e1 teniendo una relaci\u00f3n cordial y de apoyo con los comerciantes semifijos.<\/strong><\/li>\n<\/ul>\n<p>&nbsp;<\/p>\n<div>En la b\u00fasqueda de fortalecer los lazos de trabajo con las diferentes asociaciones de comerciantes semifijos de la ciudad, el Presidente Municipal de Morelia, Alfonso Mart\u00ednez Alc\u00e1zar, se reuni\u00f3 con representantes de diferentes asociaciones para escuchar sus necesidades y fortalecer su relaci\u00f3n de apoyo.<\/p>\n<p>El Alcalde Moreliano reiter\u00f3 que el desarrollo econ\u00f3mico y la actividad comercial deben ser impulsados como base del crecimiento del municipio, por ello se mantiene una relaci\u00f3n de apoyo a las labores productivas de la poblaci\u00f3n, que de manera honesta buscan el sustento diario para sus familias.<\/p>\n<p>En ese sentido, la tarde del pasado martes Mart\u00ednez Alc\u00e1zar se reuni\u00f3 con Artemio Alcantar Tinoco y Alonso Pintor Ayalid, representantes de la Uni\u00f3n de Comerciantes Semifijos de la Feria, en un encuentro en el que tambi\u00e9n participaron el Director de Enlace y Gesti\u00f3n Ciudadana, Jos\u00e9 Ru\u00edz Magall\u00f3n, as\u00ed como los Delegados de Sector Rep\u00fablica e Independencia, Alejandro Gonz\u00e1lez Mart\u00ednez y V\u00edctor Amezcua Arista.<\/p>\n<p>El Presidente Municipal record\u00f3 que su Administraci\u00f3n mantiene una relaci\u00f3n de apoyo con el comercio local semifijo y que las casi mil obras p\u00fablicas impulsadas en el municipio permiten que la ciudad cuente con mejores condiciones que favorecen la actividad comercial.<\/p>\n<p>Posteriormente, el Alcalde Alfonso Mart\u00ednez se reuni\u00f3 con la Uni\u00f3n de Comerciantes A.C., que preside Camilo Rosales Vel\u00e1zquez y Mar\u00eda Rosales Jacobo, donde reiter\u00f3 su compromiso con la que cada acci\u00f3n del Ayuntamiento de Morelia se enfoque en los habitantes del municipio y a\u00f1adi\u00f3 que los apoyos a comerciantes semifijos son un apoyo que se hace a una familia moreliana que busca salir adelante.<\/p>\n<p>De esta forma, el Ayuntamiento de Morelia encabezado por el Alcalde Alfonso Mart\u00ednez contin\u00faa el trabajo y apoyo cercano con los distintos sectores econ\u00f3micos del municipio, con el fin de elevar las condiciones de vida de los ciudadanos<\/p><\/div>\n","protected":false},"excerpt":{"rendered":"<p>El Presidente Municipal reitera su compromiso por apoyar a los diversos sectores econ\u00f3micos de la sociedad moreliana. Se seguir\u00e1 teniendo una relaci\u00f3n cordial y de apoyo con los comerciantes semifijos. &nbsp; En la b\u00fasqueda de fortalecer los lazos de trabajo con las diferentes asociaciones de comerciantes semifijos de la ciudad, el Presidente Municipal de Morelia, [&hellip;]<\/p>\n","protected":false},"author":2,"featured_media":50853,"comment_status":"closed","ping_status":"closed","sticky":false,"template":"","format":"standard","meta":{"footnotes":""},"categories":[14,60,9],"tags":[],"class_list":["post-50852","post","type-post","status-publish","format-standard","has-post-thumbnail","hentry","category-destacadas","category-michoacan","category-morelia"],"_links":{"self":[{"href":"https:\/\/radiowebmx.com\/nota\/wp-json\/wp\/v2\/posts\/50852","targetHints":{"allow":["GET"]}}],"collection":[{"href":"https:\/\/radiowebmx.com\/nota\/wp-json\/wp\/v2\/posts"}],"about":[{"href":"https:\/\/radiowebmx.com\/nota\/wp-json\/wp\/v2\/types\/post"}],"author":[{"embeddable":true,"href":"https:\/\/radiowebmx.com\/nota\/wp-json\/wp\/v2\/users\/2"}],"replies":[{"embeddable":true,"href":"https:\/\/radiowebmx.com\/nota\/wp-json\/wp\/v2\/comments?post=50852"}],"version-history":[{"count":1,"href":"https:\/\/radiowebmx.com\/nota\/wp-json\/wp\/v2\/posts\/50852\/revisions"}],"predecessor-version":[{"id":50854,"href":"https:\/\/radiowebmx.com\/nota\/wp-json\/wp\/v2\/posts\/50852\/revisions\/50854"}],"wp:featuredmedia":[{"embeddable":true,"href":"https:\/\/radiowebmx.com\/nota\/wp-json\/wp\/v2\/media\/50853"}],"wp:attachment":[{"href":"https:\/\/radiowebmx.com\/nota\/wp-json\/wp\/v2\/media?parent=50852"}],"wp:term":[{"taxonomy":"category","embeddable":true,"href":"https:\/\/radiowebmx.com\/nota\/wp-json\/wp\/v2\/categories?post=50852"},{"taxonomy":"post_tag","embeddable":true,"href":"https:\/\/radiowebmx.com\/nota\/wp-json\/wp\/v2\/tags?post=50852"}],"curies":[{"name":"wp","href":"https:\/\/api.w.org\/{rel}","templated":true}]}}