{"id":5083,"date":"2014-01-14T10:59:36","date_gmt":"2014-01-14T16:59:36","guid":{"rendered":"https:\/\/radiowebmx.com\/nota\/?p=5083"},"modified":"2014-01-14T10:59:36","modified_gmt":"2014-01-14T16:59:36","slug":"realizan-sedru-y-sagarpa-segunda-reunion-con-representantes-de-la-ucd-y-el-barzon","status":"publish","type":"post","link":"https:\/\/radiowebmx.com\/nota\/realizan-sedru-y-sagarpa-segunda-reunion-con-representantes-de-la-ucd-y-el-barzon\/","title":{"rendered":"REALIZAN SEDRU Y SAGARPA SEGUNDA REUNI\u00d3N CON REPRESENTANTES DE LA UCD Y EL BARZ\u00d3N"},"content":{"rendered":"<p><a href=\"https:\/\/radiowebmx.com\/nota\/wp-content\/uploads\/2014\/01\/DSC_0735.jpg\"><img loading=\"lazy\" decoding=\"async\" class=\"alignleft size-full wp-image-5084\" alt=\"DSC_0735\" src=\"https:\/\/radiowebmx.com\/nota\/wp-content\/uploads\/2014\/01\/DSC_0735.jpg\" width=\"591\" height=\"241\" \/><\/a>El secretario de Desarrollo Rural, Ram\u00f3n Cano Vega; el delegado de SAGARPA en la entidad, Antonio Guzm\u00e1n Casta\u00f1eda, los directores de ASTECA, Samuel Montejano Delgado; de ASERCA, Fabricio Sauceda; funcionarios federales y estatales, se reunieron por segunda ocasi\u00f3n con el presidente estatal del BARZ\u00d3N, Hugo Rangel Vargas y Margarito Fierro Tano, dirigente estatal de la UCD, para continuar con la mesas de trabajo.<\/p>\n<p>Los funcionarios estatales y federales conscientes de la problem\u00e1tica por la que pasan los productores, dieron respuesta uno a uno a los planteamientos hechos por las organizaciones, respecto a la comercializaci\u00f3n de los granos y las solicitudes que entran en los programas de gobierno.<\/p>\n<p>Cano Vega recalc\u00f3 que la \u00fanica manera de tener certeza en los tiempos de la comercializaci\u00f3n de los granos, es sumarse a la agricultura por contrato, \u201ctenemos que avanzar hacia una nueva cultura y el \u00fanico instrumento para asegurar la inversi\u00f3n de los productores, es esta herramienta\u201d.<\/p>\n<p>Antonio Guzm\u00e1n, delegado de SAGARPA, ofreci\u00f3 realizar reuniones regionales con estas organizaciones, con el fin de informar y capacitar de una manera detallada, el programa de agricultura por contrato, \u201custedes y nosotros tenemos la obligaci\u00f3n de informar y promover las bondades de estas herramientas\u201d.<\/p>\n<p>Samuel Montejano se\u00f1al\u00f3 que Asteca de Michoac\u00e1n, tiene una manera distinta de trabajar, buscando y proponiendo compradores para los granos y almacenando los mismos, buscando siempre el justo medio para los productores, \u201csin enga\u00f1os y con una relaci\u00f3n de amigos, es como atendemos tanto a las empresas compradoras, como a los productores\u201d.<\/p>\n<p>Por su parte, el director de ASERCA, Fabricio Sauceda explic\u00f3 detalladamente los requisitos que deben cumplir para poder acceder al apoyo de 200 pesos que otorga el gobierno federal, por tonelada de grano comercializada.<\/p>\n<p>Hugo Rangel Vargas y Margarito Fierro Tano, dirigentes estatales del BARZ\u00d3N y la UCD, respectivamente, de una manera cordial y respetuosa, fueron desahogando los asuntos de sus agremiados, quedando algunos puntos pendientes para una pr\u00f3xima reuni\u00f3n.<\/p>\n","protected":false},"excerpt":{"rendered":"<p>El secretario de Desarrollo Rural, Ram\u00f3n Cano Vega; el delegado de SAGARPA en la entidad, Antonio Guzm\u00e1n Casta\u00f1eda, los directores de ASTECA, Samuel Montejano Delgado; de ASERCA, Fabricio Sauceda; funcionarios federales y estatales, se reunieron por segunda ocasi\u00f3n con el presidente estatal del BARZ\u00d3N<\/p>\n","protected":false},"author":1,"featured_media":0,"comment_status":"open","ping_status":"open","sticky":false,"template":"","format":"standard","meta":{"footnotes":""},"categories":[14,3],"tags":[],"class_list":["post-5083","post","type-post","status-publish","format-standard","hentry","category-destacadas","category-gobierno-del-estado-de-michoacan"],"_links":{"self":[{"href":"https:\/\/radiowebmx.com\/nota\/wp-json\/wp\/v2\/posts\/5083","targetHints":{"allow":["GET"]}}],"collection":[{"href":"https:\/\/radiowebmx.com\/nota\/wp-json\/wp\/v2\/posts"}],"about":[{"href":"https:\/\/radiowebmx.com\/nota\/wp-json\/wp\/v2\/types\/post"}],"author":[{"embeddable":true,"href":"https:\/\/radiowebmx.com\/nota\/wp-json\/wp\/v2\/users\/1"}],"replies":[{"embeddable":true,"href":"https:\/\/radiowebmx.com\/nota\/wp-json\/wp\/v2\/comments?post=5083"}],"version-history":[{"count":1,"href":"https:\/\/radiowebmx.com\/nota\/wp-json\/wp\/v2\/posts\/5083\/revisions"}],"predecessor-version":[{"id":5085,"href":"https:\/\/radiowebmx.com\/nota\/wp-json\/wp\/v2\/posts\/5083\/revisions\/5085"}],"wp:attachment":[{"href":"https:\/\/radiowebmx.com\/nota\/wp-json\/wp\/v2\/media?parent=5083"}],"wp:term":[{"taxonomy":"category","embeddable":true,"href":"https:\/\/radiowebmx.com\/nota\/wp-json\/wp\/v2\/categories?post=5083"},{"taxonomy":"post_tag","embeddable":true,"href":"https:\/\/radiowebmx.com\/nota\/wp-json\/wp\/v2\/tags?post=5083"}],"curies":[{"name":"wp","href":"https:\/\/api.w.org\/{rel}","templated":true}]}}