{"id":5074,"date":"2014-01-14T10:42:13","date_gmt":"2014-01-14T16:42:13","guid":{"rendered":"https:\/\/radiowebmx.com\/nota\/?p=5074"},"modified":"2014-01-14T10:42:13","modified_gmt":"2014-01-14T16:42:13","slug":"no-habra-paso-a-la-delincuencia-vamos-a-restablecer-la-paz-y-la-tranquilidad-de-los-michoacanos-maoch","status":"publish","type":"post","link":"https:\/\/radiowebmx.com\/nota\/no-habra-paso-a-la-delincuencia-vamos-a-restablecer-la-paz-y-la-tranquilidad-de-los-michoacanos-maoch\/","title":{"rendered":"NO HABR\u00c1 PASO A LA DELINCUENCIA; VAMOS A RESTABLECER LA PAZ Y LA TRANQUILIDAD DE LOS MICHOACANOS: MAOCH"},"content":{"rendered":"<p><a href=\"https:\/\/radiowebmx.com\/nota\/wp-content\/uploads\/2014\/01\/DSC_5468.jpg\"><img loading=\"lazy\" decoding=\"async\" class=\"alignleft size-full wp-image-5075\" alt=\"DSC_5468\" src=\"https:\/\/radiowebmx.com\/nota\/wp-content\/uploads\/2014\/01\/DSC_5468.jpg\" width=\"591\" height=\"318\" \/><\/a>Miguel \u00c1ngel Osorio Chong, secretario de Gobernaci\u00f3n federal y Fausto Vallejo Figueroa, gobernador del estado, firmaron el Acuerdo para el Apoyo Federal a la Seguridad de Michoac\u00e1n, donde ambos fueron enf\u00e1ticos al se\u00f1alar que no habr\u00e1 paso a la delincuencia y se va a restablecer la paz y la tranquilidad en la regi\u00f3n de Tierra Caliente y en toda la entidad.<\/p>\n<p>Tambi\u00e9n destacaron que enfocar\u00e1n esfuerzos en la reconstrucci\u00f3n del tejido social, puesto que en el caso espec\u00edfico de Tierra Caliente, \u00a0en m\u00e1s de una d\u00e9cada se presentaron las condiciones pol\u00edticas, sociales y econ\u00f3micas m\u00e1s propicias para la incubaci\u00f3n de la delincuencia, la inseguridad y la violencia; situaci\u00f3n que se tiene que frenar.<\/p>\n<p>\u201cNada nos detendr\u00e1, no pararemos, ni limitaremos nuestra acci\u00f3n, hasta que percibamos que los michoacanos tengan seguridad, tranquilidad y paz en sus hogares, para que se sientan con la confianza de salir a estudiar, a trabajar, a comerciar y producir sus bienes y servicios, para que puedan transitar sin temores teniendo la certeza de que las diferentes instancias de gobierno los estamos protegiendo\u201d, afirm\u00f3 Fausto Vallejo.<\/p>\n<p>Por su parte, Miguel \u00c1ngel Osorio Chong, asegur\u00f3 que a petici\u00f3n expresa y formal del gobierno estatal y debido a la insuficiencia de instrumentos eficaces para hacer frente a la inseguridad en la regi\u00f3n de Tierra Caliente y otras del estado, se ha formado el acuerdo de colaboraci\u00f3n mediante el cual, el gobierno federal, a trav\u00e9s de sus instituciones, se encargar\u00e1n de proteger a los ciudadanos, \u201cjuntos brindaremos condiciones de seguridad y de desarrollo social y econ\u00f3mico, tengan la certeza de que contendremos la violencia en Michoac\u00e1n\u201d<\/p>\n<p>En su intervenci\u00f3n, y teniendo como testigos a representantes de los diferentes sectores de la entidad, actores pol\u00edticos e integrantes de los Poderes del Estado; el gobernador Vallejo Figueroa asegur\u00f3 que cumplir\u00e1 a los michoacanos con la convicci\u00f3n personal y el compromiso de Gobierno, asumiendo el desaf\u00edo de atacar frontalmente el fen\u00f3meno de la violencia, que genera intranquilidad y zozobra en una parte de la geograf\u00eda michoacana y tambi\u00e9n a disminuir al m\u00e1ximo posible los delitos, la impunidad y la corrupci\u00f3n, \u201cpues seremos una administraci\u00f3n que se caracterice por su transparencia en el ejercicio de los recursos p\u00fablicos\u201d.<\/p>\n<p>En este Gobierno, subray\u00f3, \u201ccon valor, cohesi\u00f3n y firmeza, iremos contra los criminales y los procesaremos con apego a derecho para que se les castigue con todo el rigor de ley, no daremos tregua\u201d.<\/p>\n<p>Asimismo como medida extraordinaria, inform\u00f3 que como Jefe del Ejecutivo estatal, despachar\u00e1 de manera recurrente en Apatzing\u00e1n y en toda la regi\u00f3n, tanto como sea necesario, hasta que sus habitantes se sientan seguros y normalicen sus vidas.<\/p>\n<p>El mandatario estatal destac\u00f3 que este acuerdo de coordinaci\u00f3n para proporcionar apoyo en materia de seguridad p\u00fablica con el Gobierno Federal, considera aspectos de prevenci\u00f3n y combate de actos criminales con una mayor amplitud, con un mayor impacto, con una mayor inversi\u00f3n, con mayor cobertura de municipios, en un contexto de respeto rec\u00edproco, coordinaci\u00f3n de esfuerzos y sin renunciar a la soberan\u00eda estatal.<\/p>\n<p>Adem\u00e1s de ampliar los programas sociales para atenuar las desigualdades y a la vez equiparar las oportunidades para todos, con lo que se evitar\u00e1 que las presentes y venideras generaciones de j\u00f3venes sean susceptibles de ser atra\u00eddos por las empresas delincuenciales.<\/p>\n<p>Vallejo Figueroa resalt\u00f3 que este acuerdo no s\u00f3lo permitir\u00e1 el combate de la violencia a trav\u00e9s de las fuerzas armadas, sino que \u201cvamos con toda la fuerza del Gobierno del Estado, con toda la fuerza y el soporte del Gobierno de la Rep\u00fablica, con toda la determinaci\u00f3n de los presidentes municipales, alineados en un mismo frente para combatir el delito y juntos exterminar a los grupos delictivos\u201d.<\/p>\n<p>Dijo que se impedir\u00e1 que los infractores cometan sus fechor\u00edas de manera impune, abierta y descarada porque bajo la vigilancia estricta de la federaci\u00f3n habr\u00e1 de acatarse la Ley Federal de Armas de Fuego y Explosivos, con todas sus consecuencias.<\/p>\n<p>Con este Acuerdo asegur\u00f3, se fortalece el estado de Derecho en Michoac\u00e1n, \u201cse fortalece la gobernabilidad, se reencausan y fortalecen las instituciones estatales y municipales\u201d.<\/p>\n<p>El mandatario estatal previamente expres\u00f3 su solidaridad por todos aquellos que han sido v\u00edctimas de actos delictivos, o han sufrido afectaci\u00f3n en su persona, en sus bienes, en sus familias y en sus amistades. \u201cHago p\u00fablica mi m\u00e1s en\u00e9rgica indignaci\u00f3n por los hechos recientes y manifiesto mi repudio a quienes han realizado actos de ilegalidad y de criminalidad, afectando a los michoacanos, a sus instituciones, su vida econ\u00f3mica y su expectativa de un mejor futuro\u201d.<\/p>\n<p>Por su parte, el secretario de Gobernaci\u00f3n, Miguel \u00c1ngel Osorio, inform\u00f3 que se increment\u00f3 para Michoac\u00e1n el presupuesto a 250 millones para reforzar el programa de prevenci\u00f3n del delito, pues la prevenci\u00f3n es la mejor inversi\u00f3n para reconstruir el tejido social.<\/p>\n<p>Al mismo tiempo, reiter\u00f3 lo dicho por el presidente Enrique Pe\u00f1a Nieto, en el sentido de que en los pr\u00f3ximos d\u00edas estar\u00e1n junto con otros secretarios del Gobierno Federal trabajando en los programas y acciones para el desarrollo pol\u00edtico, econ\u00f3mico y social, adem\u00e1s del restablecimiento de la paz y la tranquilidad en esta entidad.<\/p>\n<p>Y convoc\u00f3 a todos los actores a brindar condiciones de tranquilidad, de desarrollo social y econ\u00f3mico, \u201ctengan la seguridad de que contendremos la violencia, se trata de un proceso que exige seguir trabajando con firmeza, sin descanso y as\u00ed lo haremos\u201d.<\/p>\n<p>Las tareas de seguridad ser\u00e1n parte del quehacer permanente, \u201clos delincuentes deben recibir el trato que la ley dispone para ellos, no hay espacio para la tolerancia ni para la complacencia, vamos a hacer trabajo de manera severa, sin consideraci\u00f3n\u201d.<\/p>\n<p>Al tiempo que emplaz\u00f3 a los grupos de autodefensa para que regresen a sus lugares de origen y se reincorporen a sus actividades cotidianas, a considerar su vocaci\u00f3n de servicio para que mediante los procesos pertinentes presenten los requisitos para ser adiestrados y reciban el salario que por ley corresponde.<\/p>\n<p>\u201cSe les invita a que coadyuven proporcionado informaci\u00f3n para detener a delincuentes al tel\u00e9fono 088, para presentar denuncias an\u00f3nimas\u201d; agreg\u00f3.<\/p>\n<p>El encargado de la pol\u00edtica interna del pa\u00eds, enfatiz\u00f3 que mediante el uso de informaci\u00f3n de inteligencia, a esta fecha, ha sido posible neutralizar a 71 l\u00edderes de los 122 objetivos de la delincuencia organizada, previamente identificados por las instituciones federales y locales, sin que, en la mayor\u00eda de los casos, se haya producido un solo disparo. Al mismo tiempo que el Estado Mexicano ha moderado sustancialmente el leg\u00edtimo uso de la fuerza; todo ello, en beneficio de un objetivo primordial: \u201creducir la violencia, venga de donde venga\u201d.<\/p>\n<p>Fueron testigos de la firma de este Acuerdo, el General de Divisi\u00f3n DEM, Salvador Cienfuegos Zepeda, secretario de la Defensa Nacional; el Almirante, Vidal Francisco Sober\u00f3n Sanz, secretario de Marina; Fidel Calder\u00f3n Torreblanca, presidente de la Mesa Directiva del Congreso del estado; Juan Antonio Maga\u00f1a de la Mora, presidente del Supremo Tribunal de Justicia y del Consejo del Poder Judicial del estado; Jes\u00fas Murillo Karam, procurador General de la Rep\u00fablica; Manuel Mondrag\u00f3n y Kalb, comisionado Nacional de Seguridad; Eugenio Imaz Gispert, director General del Centro de Inteligencia y Seguridad Nacional (CISEN).<\/p>\n<p>Adem\u00e1s de senadores, legisladores locales y federales, l\u00edderes de las diferentes fuerzas pol\u00edticas de la entidad, rectores, presidentas y presidentes municipales, as\u00ed como representantes de la sociedad civil, de la Iniciativa Privada y l\u00edderes religiosos.<\/p>\n","protected":false},"excerpt":{"rendered":"<p>Miguel \u00c1ngel Osorio Chong, secretario de Gobernaci\u00f3n federal y Fausto Vallejo Figueroa, gobernador del estado, firmaron el Acuerdo para el Apoyo Federal a la Seguridad de Michoac\u00e1n<\/p>\n","protected":false},"author":1,"featured_media":0,"comment_status":"open","ping_status":"open","sticky":false,"template":"","format":"standard","meta":{"footnotes":""},"categories":[14,3],"tags":[],"class_list":["post-5074","post","type-post","status-publish","format-standard","hentry","category-destacadas","category-gobierno-del-estado-de-michoacan"],"_links":{"self":[{"href":"https:\/\/radiowebmx.com\/nota\/wp-json\/wp\/v2\/posts\/5074","targetHints":{"allow":["GET"]}}],"collection":[{"href":"https:\/\/radiowebmx.com\/nota\/wp-json\/wp\/v2\/posts"}],"about":[{"href":"https:\/\/radiowebmx.com\/nota\/wp-json\/wp\/v2\/types\/post"}],"author":[{"embeddable":true,"href":"https:\/\/radiowebmx.com\/nota\/wp-json\/wp\/v2\/users\/1"}],"replies":[{"embeddable":true,"href":"https:\/\/radiowebmx.com\/nota\/wp-json\/wp\/v2\/comments?post=5074"}],"version-history":[{"count":1,"href":"https:\/\/radiowebmx.com\/nota\/wp-json\/wp\/v2\/posts\/5074\/revisions"}],"predecessor-version":[{"id":5076,"href":"https:\/\/radiowebmx.com\/nota\/wp-json\/wp\/v2\/posts\/5074\/revisions\/5076"}],"wp:attachment":[{"href":"https:\/\/radiowebmx.com\/nota\/wp-json\/wp\/v2\/media?parent=5074"}],"wp:term":[{"taxonomy":"category","embeddable":true,"href":"https:\/\/radiowebmx.com\/nota\/wp-json\/wp\/v2\/categories?post=5074"},{"taxonomy":"post_tag","embeddable":true,"href":"https:\/\/radiowebmx.com\/nota\/wp-json\/wp\/v2\/tags?post=5074"}],"curies":[{"name":"wp","href":"https:\/\/api.w.org\/{rel}","templated":true}]}}