{"id":5071,"date":"2014-01-13T12:58:49","date_gmt":"2014-01-13T18:58:49","guid":{"rendered":"https:\/\/radiowebmx.com\/nota\/?p=5071"},"modified":"2014-01-13T12:58:49","modified_gmt":"2014-01-13T18:58:49","slug":"temas-de-cafe-98","status":"publish","type":"post","link":"https:\/\/radiowebmx.com\/nota\/temas-de-cafe-98\/","title":{"rendered":"TEMAS DE CAF\u00c9"},"content":{"rendered":"<p><a href=\"https:\/\/radiowebmx.com\/nota\/wp-content\/uploads\/2013\/06\/temas-de-cafe.jpg\"><img loading=\"lazy\" decoding=\"async\" class=\"alignleft size-full wp-image-2805\" alt=\"temas de cafe\" src=\"https:\/\/radiowebmx.com\/nota\/wp-content\/uploads\/2013\/06\/temas-de-cafe.jpg\" width=\"295\" height=\"171\" \/><\/a>+ EPN: BIEN FUERA, MAL DENTRO<\/p>\n<p>+ MICHOACAN,\u201cPRIETITO DE EPN\u201d<\/p>\n<p>+ NI SILVANO NI FIDEL CALDERON<\/p>\n<p>+ \u00a1VAMOS POR ELLOS\u00a1 : F. VALLEJO<\/p>\n<p>El presidente de M\u00e9xico ahora s\u00ed es lumbrera en la calle y oscuridad en la casa, por lo menos en Michoac\u00e1n y es que parece, que muy poca gente entiende qu\u00e9 es lo que est\u00e1 pasando en Michoac\u00e1n, ya le hemos comentado que la medicina es amarga, pero se tiene que tomar, despu\u00e9s de varios a\u00f1os de abandono, en los cuales el gobierno perdi\u00f3 el monopolio de la violencia, de la fuerza\u00a0 porque antes todo mundo sab\u00eda que hab\u00eda delincuencia, desde los\u00a0 or\u00edgenes de la civilizaci\u00f3n han existido diversas variantes de la delincuencia, pero lo importante es cuando el gobierno est\u00e1 por encima de los grupos delictivos, el problema fue cuando se rompi\u00f3 el equilibrio, y aunque los puritanos, se quejan de esta aparente convivencia, lo cierto es que hab\u00eda control y los hechos delictuosos, se concentraban en lugares y tiempos, no afectaban a la sociedad en su conjunto.<\/p>\n<p>MICHOACAN EL PRIETITO EN EL ARROZ<\/p>\n<p>Ya le hemos comentado que el presidente de M\u00e9xico, ha sido catalogado a nivel mundial, como el gran reformador, un economista que bautiz\u00f3 al BRIC, lo ha llamado un reformador mayor que Margareth Thatcher, la ex primera ministra de Inglaterra, quien imagine usted, junto con Ronald Reagan, Mijalil Gorvachov y Juan Pablo II modificaron al mundo, acabaron con el r\u00e9gimen socialista en la URSS y derribaron el muro de Berl\u00edn por comentarle dos hechos, \u00e9l llam\u00f3 a Pe\u00f1a Nieto un reformador superior a la Dama de Hierro del Reino Unido.<\/p>\n<p>Aparte la Fundaci\u00f3n Por un Llamado a la Conciencia, entregar\u00e1 a Pe\u00f1a Nieto\u00a0 el\u00a0 premio Estadista mundial 2014, y afirman que anualmente premian al jefe de gobierno, que ayuda a perfeccionar este mundo tan imperfecto y reitera el rabino Arthur Schneirer, el presidente mexicano en muy poco tiempo, demostr\u00f3 su compromiso en t\u00e9rmino de responsabilidad mundial, adem\u00e1s Luis Videgaray tambi\u00e9n ha sido reconocido mundialmente y en Am\u00e9rica Latina, por haber participado en estas grandes reformas.<\/p>\n<p>Fuera de M\u00e9xico todo est\u00e1 bien para nuestro pa\u00eds, a esta etapa los analistas internacionales, le\u00a0 han llamado El Momento de M\u00e9xico, o sea que Pe\u00f1a Nieto y nuestro\u00a0 pa\u00eds, viven sus momentos estelares, si pero \u00bfy Michoac\u00e1n?, y Guerrero y varios estados m\u00e1s, que presentan graves problemas econ\u00f3micos y de seguridad, pero sobre todo Michoac\u00e1n donde, las autodefensas est\u00e1n haciendo un trabajo, que de acuerdo a las evidencias son consensuados, porque usted ha visto a las guardias comunitarias con el ej\u00e9rcito a un lado y los polic\u00edas federales, no son vistos como enemigos, sino como aliados en esta asepsia que se hace en el estado.<\/p>\n<p>MIRELES DESDE EL HOSPITAL MANEJA LA SITUACI\u00d3N<\/p>\n<p>Ayer por la ma\u00f1ana grupos de autodefensas, en\u00a0 m\u00e1s de cien veh\u00edculos llegaron a Nueva Italia y la tomaron, con algunos disparos que no pasaron a mayores, inmediatamente informaron a Mireles, quien les dijo que deber\u00edan formalizar la toma, con las autoridades del gobierno federal, y es que debemos recordar que los alcaldes de Par\u00e1cuaro y Nueva Italia protestaron, contra la presencia de las autodefensas, pero ni el ej\u00e9rcito ni la Polic\u00eda Federal hicieron algo en contra, y es que no pueden porque si ellos no cumplen con su obligaci\u00f3n, no pueden ir contra quienes lo hacen aunque sea en forma ilegal.<\/p>\n<p>AGAPITO MORA DIJO QUE SIGUE URUAPAN Y QUIROGA<\/p>\n<p>Ayer por la tarde en las redes sociales se pudo saber,\u00a0 que se presentaron algunos disparos cerca de Uruapan, por Jucutato y entonces s\u00ed se presentaron elementos de la Polic\u00eda Federal, para poner orden y es que parece a\u00fan no est\u00e1n preparadas,\u00a0 las autodefensas para tomar la plaza de Uruapan,\u00a0 la cual como usted sabe es una de las ciudades m\u00e1s importantes de Michoac\u00e1n, tal vez la segunda por lo cual no es sencillo como dijo Hip\u00f3lito Mora, que adem\u00e1s de Nueva Italia, seguir\u00edan Los Reyes, y Quiroga aceptando que ya est\u00e1n si no en control de Apatzing\u00e1n si ya est\u00e1n dentro.<\/p>\n<p>TOTAL MICHOACAN PUEDE ECHAR A PERDER EL MOMENTO<\/p>\n<p>La cuesti\u00f3n es que sin saber\u00a0 m\u00e1s sobre la estrategia nacional, porque debe haber una para Michoac\u00e1n, como se ve desde lejos Michoac\u00e1n puede ser la raz\u00f3n, de que el panorama brillante de Pe\u00f1a Nieto en el mundo, se venga abajo y es que la verdad, lo que hemos visto y escuchado sobre Michoac\u00e1n, del gobierno federal no ha sido m\u00e1s que comentarios de Osorio Chong y de Campa Cipri\u00e1n, de que tienen en Michoac\u00e1n un grave problema, pero nada m\u00e1s,\u00a0 parece que no hacen nada, pero estamos seguros que s\u00ed est\u00e1n haciendo algo, que pronto podremos ver los resultados. No pueden ser tan irresponsables.<\/p>\n<p>DIJO FAUSTO AYER: VAMOS POR ELLLOS<\/p>\n<p>Despu\u00e9s de varios d\u00edas de problemas en Par\u00e1cuaro y Apatzing\u00e1n, ayer el gobernador del estado concedi\u00f3 una charla en la Casa de Gobierno, donde dijo en forma enf\u00e1tica, que; \u201cvamos por ellos, contra quienes cometieron los actos vand\u00e1licos\u201d que pudieran ser catalogados como terroristas, porque la idea de quienes los cometieron fue precisamente eso, provocar temor y terror entre la poblaci\u00f3n, y vaya que lo han logrado, informaciones que provienen de Apatzing\u00e1n en las redes sociales , dan a conocer que la ciudad ayer amaneci\u00f3 fr\u00eda, solitaria temerosa desde luego, el gobernador\u00a0 en la casa de Gobierno, acompa\u00f1ado del procurador Marcos Vinicio, del titular de la SSP Albergo Reyes Vaca y Fernando Cano, que el Estado aplicar\u00e1 todos los recursos, sin vacilaci\u00f3n contra delincuencia.<\/p>\n<p>DEBE DECLARARSE MICHOACAN: EMERGENCIA NACIONAL<\/p>\n<p>El diputado michoacano Silvano Aureoles, coment\u00f3 que la Federaci\u00f3n debe declarar a Michoac\u00e1n, como emergencia nacional suponemos que esto quiere decir, que no se tienen que atener a las leyes, para poner orden en la entidad, porque de acuerdo a los derechos se deben proteger tambi\u00e9n, los de los presuntos delincuentes, y esto evita que se luche contra la delincuencia, porque tanto el ej\u00e9rcito como las polic\u00edas federales y estatales, deben apegarse a los derechos humanos, mientras que los delincuentes se r\u00eden de ellos, la lucha es totalmente desigual.<\/p>\n<p>RAUL PLASCENCIA DESDE LEJOS: HAY VACIO DE PODER<\/p>\n<p>El presidente de la Comisi\u00f3n Nacional de los Derechos Humanaos, desde su c\u00f3modo despacho de la capital del pa\u00eds, dijo que en Michoac\u00e1n hay un vac\u00edo de poder, no hay gobierno y vaya que es comodino este se\u00f1or, porque \u00bfcu\u00e1ndo ha estado en Michoac\u00e1n, en las zonas del conflicto? Es f\u00e1cil comentar desde all\u00e1 y bueno, ni siquiera el presidente de la Comisi\u00f3n Estatal de los Derechos Humanos, se ha tomado la molestia de visitar esas regiones calientes del estado, sus declaraciones igual las hace desde su despacho, que la verdad no se merece.<\/p>\n<p>NI SILVANO NI CALDERON PARA LA DIRIGENCIA ESTATAL<\/p>\n<p>Ya le hemos comentado en varias ocasiones, que el PRD\u00a0 cambiar\u00e1 su\u00a0 dirigencia estatal, hasta el momento no se sabe si tambi\u00e9n se cambiar\u00e1 el comit\u00e9, y si solamente al dirigente y al secretario, es decir a V\u00edctor B\u00e1ez y a Carlos Torres Pi\u00f1a, la cuesti\u00f3n es que usted sabe que en el PRD estatal, hay tres corrientes importantes, el tradicional Moduc que no es de las m\u00e1s importantes, pero ocupa un decente tercer lugar, las primeras son Foro Nuevo Sol y la Alternativa Democr\u00e1tica Nacional de Carlos Torres Pi\u00f1a.<\/p>\n<p>Sobre este tema hay varios comentarios, el que se maneja hoy es que la designaci\u00f3n del presidente y secretario, sea por acuerdo pol\u00edtico, como ha sido por lo menos en las dos \u00faltimas ocasiones, la otra posibilidad es que sea mediante elecci\u00f3n abierta, en esta modalidad ser\u00edan los candidatos por el Moduc El\u00edas Ibarra, por Alternativa quiere Carlos Torres Pi\u00f1a quien es el secretario, mientras que por el Foro Nuevo Sol o sea de Silvano, el candidato para regir los destinos del PRD Michoacano, es Pascual Sigala.<\/p>\n<p>Pero dicen los analistas en cuestiones perredistas, que en el caso de que El\u00edas se convirtiera en el dirigente, se estar\u00eda enviando un mensaje, de que las cosas se estar\u00edan dando a favor de Fidel Calder\u00f3n,\u00a0 y en el caso de que fuera Pascual Sigala, la ventaja ser\u00eda para Silvano Aureoles en cuanto a la candidatura al gobierno del estado, pero en el caso de Carlos Torres Pi\u00f1a, su expresi\u00f3n no tiene candidato visible, por lo cual ser\u00eda el m\u00e1s viable, as\u00ed aseguran las cartas no estar\u00edan marcadas desde marzo, abril o en el exceso mayo de este a\u00f1o, y la lucha ser\u00eda un poco m\u00e1s democr\u00e1tica.<\/p>\n","protected":false},"excerpt":{"rendered":"<p>+ EPN: BIEN FUERA, MAL DENTRO<br \/>\n+ MICHOACAN,\u201cPRIETITO DE EPN\u201d<br \/>\n+ NI SILVANO NI FIDEL CALDERON<br \/>\n+ \u00a1VAMOS POR ELLOS\u00a1 : F. VALLEJO<\/p>\n","protected":false},"author":1,"featured_media":0,"comment_status":"open","ping_status":"open","sticky":false,"template":"","format":"standard","meta":{"footnotes":""},"categories":[4,14,10],"tags":[],"class_list":["post-5071","post","type-post","status-publish","format-standard","hentry","category-columnistas","category-destacadas","category-juan-manuel-belmonte"],"_links":{"self":[{"href":"https:\/\/radiowebmx.com\/nota\/wp-json\/wp\/v2\/posts\/5071","targetHints":{"allow":["GET"]}}],"collection":[{"href":"https:\/\/radiowebmx.com\/nota\/wp-json\/wp\/v2\/posts"}],"about":[{"href":"https:\/\/radiowebmx.com\/nota\/wp-json\/wp\/v2\/types\/post"}],"author":[{"embeddable":true,"href":"https:\/\/radiowebmx.com\/nota\/wp-json\/wp\/v2\/users\/1"}],"replies":[{"embeddable":true,"href":"https:\/\/radiowebmx.com\/nota\/wp-json\/wp\/v2\/comments?post=5071"}],"version-history":[{"count":1,"href":"https:\/\/radiowebmx.com\/nota\/wp-json\/wp\/v2\/posts\/5071\/revisions"}],"predecessor-version":[{"id":5072,"href":"https:\/\/radiowebmx.com\/nota\/wp-json\/wp\/v2\/posts\/5071\/revisions\/5072"}],"wp:attachment":[{"href":"https:\/\/radiowebmx.com\/nota\/wp-json\/wp\/v2\/media?parent=5071"}],"wp:term":[{"taxonomy":"category","embeddable":true,"href":"https:\/\/radiowebmx.com\/nota\/wp-json\/wp\/v2\/categories?post=5071"},{"taxonomy":"post_tag","embeddable":true,"href":"https:\/\/radiowebmx.com\/nota\/wp-json\/wp\/v2\/tags?post=5071"}],"curies":[{"name":"wp","href":"https:\/\/api.w.org\/{rel}","templated":true}]}}