{"id":5060,"date":"2014-01-13T12:34:22","date_gmt":"2014-01-13T18:34:22","guid":{"rendered":"https:\/\/radiowebmx.com\/nota\/?p=5060"},"modified":"2014-01-13T12:34:22","modified_gmt":"2014-01-13T18:34:22","slug":"intensificara-cocotra-operativos-contra-unidades-irregulares","status":"publish","type":"post","link":"https:\/\/radiowebmx.com\/nota\/intensificara-cocotra-operativos-contra-unidades-irregulares\/","title":{"rendered":"INTENSIFICAR\u00c1 COCOTRA OPERATIVOS CONTRA UNIDADES IRREGULARES"},"content":{"rendered":"<p>Con el firme objetivo de erradicar las unidades irregulares en la entidad, la Comisi\u00f3n Coordinadora del Transporte P\u00fablico de Michoac\u00e1n (Cocotra), intensificar\u00e1 en este a\u00f1o los operativos de inspecci\u00f3n y vigilancia, que realiza en coordinaci\u00f3n con la Secretaria de Seguridad P\u00fablica, a fin de brindar seguridad a los usuarios y a los concesionarios.<\/p>\n<p>Ignacio Colina Quiroz, coordinador de Cocotra, pidi\u00f3 a quienes trabajan fuera de la ley, a regularizar su situaci\u00f3n ante la dependencia estatal y record\u00f3 que los operativos se realizan para otorgar mayor confianza a los usuarios, y en beneficio de los transportistas que tienen su documentaci\u00f3n en regla, lo que garantiza protecci\u00f3n ante cualquier eventualidad.<\/p>\n<p>Colina Quiroz solicit\u00f3 a los usuarios evitar utilizar unidades irregulares, las cuales es muy sencillo identificar porque usan placas en su\u00a0 mayor\u00eda con n\u00fameros negros como las de los veh\u00edculos particulares, toda vez que las del transporte p\u00fablico son de color rojo, por lo que pide a los ciudadanos prestar atenci\u00f3n por su propia seguridad.<\/p>\n<p>Cabe recordar que s\u00f3lo durante 2013, se realizaron alrededor de 550 operativos en todo el estado, en los cuales fueron inspeccionados alrededor 4 mil 500 veh\u00edculos que prestan servicio de transporte p\u00fablico de pasajeros en Michoac\u00e1n, como resultado, se sancion\u00f3 a alrededor de mil unidades, y de \u00e9stas, 400 fueron llevadas al corral\u00f3n.<\/p>\n<p>Entre los aspectos a revisar est\u00e1 el contar con seguro de viajero que cubra las nuevas disposiciones de la Ley Federal del Trabajo; que el chofer cuente con licencia de manejar vigente acreditada con el curso de capacitaci\u00f3n que ofrece la Cocotra, y que desde 2012 es un requisito para tramitar su licencia; y sobre todo, debe contar con una concesi\u00f3n del transporte p\u00fablico.<\/p>\n<p>El funcionario estatal inform\u00f3 que en el n\u00famero telef\u00f3nico de Morelia: 01 (443) 3-26-18-77, se reciben las denuncias sobre cualquier anomal\u00eda al respecto y se atiende a los usuarios respecto a alg\u00fan problema relacionado con el transporte p\u00fablico.<\/p>\n","protected":false},"excerpt":{"rendered":"<p>Con el firme objetivo de erradicar las unidades irregulares en la entidad, la Comisi\u00f3n Coordinadora del Transporte P\u00fablico de Michoac\u00e1n (Cocotra), intensificar\u00e1 en este a\u00f1o los operativos de inspecci\u00f3n y vigilancia, que realiza en coordinaci\u00f3n con la Secretaria de Seguridad P\u00fablica,<\/p>\n","protected":false},"author":1,"featured_media":0,"comment_status":"open","ping_status":"open","sticky":false,"template":"","format":"standard","meta":{"footnotes":""},"categories":[3],"tags":[],"class_list":["post-5060","post","type-post","status-publish","format-standard","hentry","category-gobierno-del-estado-de-michoacan"],"_links":{"self":[{"href":"https:\/\/radiowebmx.com\/nota\/wp-json\/wp\/v2\/posts\/5060","targetHints":{"allow":["GET"]}}],"collection":[{"href":"https:\/\/radiowebmx.com\/nota\/wp-json\/wp\/v2\/posts"}],"about":[{"href":"https:\/\/radiowebmx.com\/nota\/wp-json\/wp\/v2\/types\/post"}],"author":[{"embeddable":true,"href":"https:\/\/radiowebmx.com\/nota\/wp-json\/wp\/v2\/users\/1"}],"replies":[{"embeddable":true,"href":"https:\/\/radiowebmx.com\/nota\/wp-json\/wp\/v2\/comments?post=5060"}],"version-history":[{"count":1,"href":"https:\/\/radiowebmx.com\/nota\/wp-json\/wp\/v2\/posts\/5060\/revisions"}],"predecessor-version":[{"id":5061,"href":"https:\/\/radiowebmx.com\/nota\/wp-json\/wp\/v2\/posts\/5060\/revisions\/5061"}],"wp:attachment":[{"href":"https:\/\/radiowebmx.com\/nota\/wp-json\/wp\/v2\/media?parent=5060"}],"wp:term":[{"taxonomy":"category","embeddable":true,"href":"https:\/\/radiowebmx.com\/nota\/wp-json\/wp\/v2\/categories?post=5060"},{"taxonomy":"post_tag","embeddable":true,"href":"https:\/\/radiowebmx.com\/nota\/wp-json\/wp\/v2\/tags?post=5060"}],"curies":[{"name":"wp","href":"https:\/\/api.w.org\/{rel}","templated":true}]}}