{"id":506,"date":"2012-12-10T12:46:20","date_gmt":"2012-12-10T18:46:20","guid":{"rendered":"https:\/\/radiowebmx.com\/nota\/?p=506"},"modified":"2012-12-10T12:46:20","modified_gmt":"2012-12-10T18:46:20","slug":"busca-gobierno-del-estado-impulsar-generacion-de-energias-limpias","status":"publish","type":"post","link":"https:\/\/radiowebmx.com\/nota\/busca-gobierno-del-estado-impulsar-generacion-de-energias-limpias\/","title":{"rendered":"BUSCA GOBIERNO DEL ESTADO IMPULSAR GENERACI\u00d3N DE ENERG\u00cdAS LIMPIAS"},"content":{"rendered":"<p><img loading=\"lazy\" decoding=\"async\" class=\"alignnone\" src=\"http:\/\/img838.imageshack.us\/img838\/3130\/img9911e.jpg\" alt=\"\" width=\"591\" height=\"253\" \/>En Michoac\u00e1n se busca consolidar el impulso de estrategias encaminadas a la generaci\u00f3n de Energ\u00edas Limpias para la protecci\u00f3n ambiental, asever\u00f3 el titular de la Secretar\u00eda de Urbanismo y Medio Ambiente <strong>(SUMA)<\/strong>, Mauro Ram\u00f3n Ballesteros Figueroa.<\/p>\n<p>&nbsp;<\/p>\n<p>El funcionario estatal asegur\u00f3 que adem\u00e1s es inter\u00e9s del Gobernador Fausto Vallejo Figueroa el acrecentar la coordinaci\u00f3n de acciones entre los diversos \u00e1mbitos de gobierno e instituciones para encarar los retos del cambio clim\u00e1tico.<\/p>\n<p>&nbsp;<\/p>\n<p>Lo anterior\u00a0 durante la sesi\u00f3n n\u00famero 63 del Consejo Estatal de Ecolog\u00eda (COEECO), en donde el presidente de este organismo ciudadano, Manuel de Jes\u00fas Tripp Rivera present\u00f3 el Programa Operativo Anual del 2013.<\/p>\n<p>&nbsp;<\/p>\n<p>Ballesteros Figueroa, resalt\u00f3 la urgencia de reforzar los programas de Educaci\u00f3n Ambiental para tener mejores herramientas para el cuidado y preservaci\u00f3n de nuestro entorno natural.<\/p>\n<p>&nbsp;<\/p>\n<p>En su oportunidad, el titular del COEECO, Tripp Rivera dijo que este Consejo ha ganado legitimidad, porque es una instancia ciudadana comprometida con la identificaci\u00f3n y atenci\u00f3n de los problemas ambientales que aquejan al Estado en un marco cr\u00edtico y propositivo.<\/p>\n<p>&nbsp;<\/p>\n<p>Refiri\u00f3,\u00a0 que tan solo durante los \u00faltimos meses, los miembros del Consejo, emitieron alrededor de 90 recomendaciones,\u00a0 recibieron 89 peticiones y se tomo parte de 955 eventos en coordinaci\u00f3n con los gobiernos federal, estatal, municipal, as\u00ed como con instituciones educativas, y grupos ciudadanos, entre otros.<\/p>\n<p>&nbsp;<\/p>\n<p>Asimismo, inform\u00f3 que para el pr\u00f3ximo a\u00f1o el COEECO, buscar\u00e1 acompa\u00f1ar al estado en el an\u00e1lisis y conformaci\u00f3n de acciones del dise\u00f1o sobre las pol\u00edticas p\u00fablicas ambientales, as\u00ed como realizar foros en materia de cambio clim\u00e1tico y conservaci\u00f3n de la biodiversidad, adem\u00e1s de la implementaci\u00f3n de diez talleres para la construcci\u00f3n de la agenda municipal ambiental, y talleres sobre gestores sociales ambientales.<\/p>\n<p>&nbsp;<\/p>\n<p>&nbsp;<\/p>\n<p>&nbsp;<\/p>\n<p>&nbsp;<\/p>\n<p>&nbsp;<\/p>\n<p>&nbsp;<\/p>\n","protected":false},"excerpt":{"rendered":"<p>En Michoac\u00e1n se busca consolidar el impulso de estrategias encaminadas a la generaci\u00f3n de Energ\u00edas Limpias para la protecci\u00f3n ambiental, asever\u00f3 el titular de la Secretar\u00eda de Urbanismo y Medio Ambiente (SUMA), Mauro Ram\u00f3n Ballesteros Figueroa.<\/p>\n","protected":false},"author":1,"featured_media":0,"comment_status":"open","ping_status":"open","sticky":false,"template":"","format":"standard","meta":{"footnotes":""},"categories":[3],"tags":[],"class_list":["post-506","post","type-post","status-publish","format-standard","hentry","category-gobierno-del-estado-de-michoacan"],"_links":{"self":[{"href":"https:\/\/radiowebmx.com\/nota\/wp-json\/wp\/v2\/posts\/506","targetHints":{"allow":["GET"]}}],"collection":[{"href":"https:\/\/radiowebmx.com\/nota\/wp-json\/wp\/v2\/posts"}],"about":[{"href":"https:\/\/radiowebmx.com\/nota\/wp-json\/wp\/v2\/types\/post"}],"author":[{"embeddable":true,"href":"https:\/\/radiowebmx.com\/nota\/wp-json\/wp\/v2\/users\/1"}],"replies":[{"embeddable":true,"href":"https:\/\/radiowebmx.com\/nota\/wp-json\/wp\/v2\/comments?post=506"}],"version-history":[{"count":2,"href":"https:\/\/radiowebmx.com\/nota\/wp-json\/wp\/v2\/posts\/506\/revisions"}],"predecessor-version":[{"id":508,"href":"https:\/\/radiowebmx.com\/nota\/wp-json\/wp\/v2\/posts\/506\/revisions\/508"}],"wp:attachment":[{"href":"https:\/\/radiowebmx.com\/nota\/wp-json\/wp\/v2\/media?parent=506"}],"wp:term":[{"taxonomy":"category","embeddable":true,"href":"https:\/\/radiowebmx.com\/nota\/wp-json\/wp\/v2\/categories?post=506"},{"taxonomy":"post_tag","embeddable":true,"href":"https:\/\/radiowebmx.com\/nota\/wp-json\/wp\/v2\/tags?post=506"}],"curies":[{"name":"wp","href":"https:\/\/api.w.org\/{rel}","templated":true}]}}