{"id":5048,"date":"2014-01-13T12:12:07","date_gmt":"2014-01-13T18:12:07","guid":{"rendered":"https:\/\/radiowebmx.com\/nota\/?p=5048"},"modified":"2014-01-13T12:12:07","modified_gmt":"2014-01-13T18:12:07","slug":"ya-golpea-reforma-financiera-a-los-morelianos-fernando-contreras","status":"publish","type":"post","link":"https:\/\/radiowebmx.com\/nota\/ya-golpea-reforma-financiera-a-los-morelianos-fernando-contreras\/","title":{"rendered":"Ya golpea Reforma Financiera a los morelianos: Fernando Contreras"},"content":{"rendered":"<p><a href=\"https:\/\/radiowebmx.com\/nota\/wp-content\/uploads\/2014\/01\/IMG_5647.jpg\"><img loading=\"lazy\" decoding=\"async\" class=\"alignleft size-full wp-image-5049\" alt=\"IMG_5647\" src=\"https:\/\/radiowebmx.com\/nota\/wp-content\/uploads\/2014\/01\/IMG_5647.jpg\" width=\"591\" height=\"549\" \/><\/a>En Michoac\u00e1n es impostergable la necesidad de fortalecer la participaci\u00f3n contundente del Estado a trav\u00e9s del gasto p\u00fablico para combatir la pobreza, debido a que la Reforma Financiera est\u00e1 golpeando directamente al motor de la econ\u00f3mica moreliana, el cual est\u00e1 conformado por peque\u00f1os comercios y estudiantes, asegur\u00f3 el dirigente del PAN capitalino Fernando Contreras M\u00e9ndez.<\/p>\n<p>&nbsp;<\/p>\n<p>Al respecto, Fernando Contreras refiri\u00f3 que para nadie es un secreto que Morelia es una ciudad beneficiada por presencia de miles de j\u00f3venes estudiantes que dan vida a la econom\u00eda de la capital, econom\u00eda que se cimienta al igual que en el resto del pa\u00eds por los esfuerzos de peque\u00f1os y medianos comercios, como lo son las tienditas de la esquina, cocinas econ\u00f3micas, entre otros.<\/p>\n<p>&nbsp;<\/p>\n<p>\u201cPara dimensionar esta vocaci\u00f3n estudiantil de Morelia podemos citar la matr\u00edcula de la Universidad Michoacana de San Nicol\u00e1s de Hidalgo, que para el presente ciclo escolar es de m\u00e1s de 60 mil estudiantes, a eso hay que sumarle todos los micro y peque\u00f1os negocios que en su conjunto a nivel nacional llegan a casi cuatro millones de comercios\u201d.<\/p>\n<p>&nbsp;<\/p>\n<p>En este sentido el tambi\u00e9n regidor del PAN en Morelia, destac\u00f3 que su partido ha manifestado desde hace ya muchos a\u00f1os la necesidad de realizar una Reforma Hacendar\u00eda de gran calado que se convierta en la fuente de desarrollo econ\u00f3mico de la naci\u00f3n, pero siempre teniendo en cuenta que la carga fiscal que exista sobre los contribuyentes deber\u00e1 de ser equitativa y proporcional.<\/p>\n<p>&nbsp;<\/p>\n<p>Contreras M\u00e9ndez afirm\u00f3 que la nueva reforma dista mucho de ser equitativa y proporcional, la cual ya est\u00e1 golpeando directamente a la econom\u00eda moreliana que se basa en la existencia de cientos de peque\u00f1os comercios y de los estudiantes, sectores a quienes las nuevas cargas tributarias y el aumento en el IVA al transporte afectan considerablemente.<\/p>\n<p>&nbsp;<\/p>\n<p>&nbsp;<\/p>\n<p>El regidor consider\u00f3 que la ley reci\u00e9n aprobada, fue una salida f\u00e1cil de la federaci\u00f3n, ya que la autoridad al darse cuenta de que el r\u00e9gimen fiscal no estaba funcionando en t\u00e9rminos de recaudaci\u00f3n, cre\u00f3 una serie de nuevas imposiciones a los contribuyentes, sin importarle que en M\u00e9xico ocho de cada diez empleos se encuentran en los micro y peque\u00f1os negocios, y estos se pueden llegar a perder.<\/p>\n<p>&nbsp;<\/p>\n<p>Finalmente Fernando Contreras refiri\u00f3 que la \u201creforma con sentido social\u201d, planteada por la federaci\u00f3n se convirti\u00f3 en solamente un spot y en un evento medi\u00e1tico m\u00e1s, sin mayor apego a la realidad, por ello reiter\u00f3 el compromiso del PAN con los morelianos para seguir siendo una oposici\u00f3n responsable que luche firmemente por el inter\u00e9s p\u00fablico y por alcanzar el bien com\u00fan.<\/p>\n","protected":false},"excerpt":{"rendered":"<p>En Michoac\u00e1n es impostergable la necesidad de fortalecer la participaci\u00f3n contundente del Estado a trav\u00e9s del gasto p\u00fablico para combatir la pobreza, debido a que la Reforma Financiera est\u00e1 golpeando directamente al motor de la econ\u00f3mica moreliana, <\/p>\n","protected":false},"author":1,"featured_media":0,"comment_status":"open","ping_status":"open","sticky":false,"template":"","format":"standard","meta":{"footnotes":""},"categories":[14,3],"tags":[],"class_list":["post-5048","post","type-post","status-publish","format-standard","hentry","category-destacadas","category-gobierno-del-estado-de-michoacan"],"_links":{"self":[{"href":"https:\/\/radiowebmx.com\/nota\/wp-json\/wp\/v2\/posts\/5048","targetHints":{"allow":["GET"]}}],"collection":[{"href":"https:\/\/radiowebmx.com\/nota\/wp-json\/wp\/v2\/posts"}],"about":[{"href":"https:\/\/radiowebmx.com\/nota\/wp-json\/wp\/v2\/types\/post"}],"author":[{"embeddable":true,"href":"https:\/\/radiowebmx.com\/nota\/wp-json\/wp\/v2\/users\/1"}],"replies":[{"embeddable":true,"href":"https:\/\/radiowebmx.com\/nota\/wp-json\/wp\/v2\/comments?post=5048"}],"version-history":[{"count":1,"href":"https:\/\/radiowebmx.com\/nota\/wp-json\/wp\/v2\/posts\/5048\/revisions"}],"predecessor-version":[{"id":5050,"href":"https:\/\/radiowebmx.com\/nota\/wp-json\/wp\/v2\/posts\/5048\/revisions\/5050"}],"wp:attachment":[{"href":"https:\/\/radiowebmx.com\/nota\/wp-json\/wp\/v2\/media?parent=5048"}],"wp:term":[{"taxonomy":"category","embeddable":true,"href":"https:\/\/radiowebmx.com\/nota\/wp-json\/wp\/v2\/categories?post=5048"},{"taxonomy":"post_tag","embeddable":true,"href":"https:\/\/radiowebmx.com\/nota\/wp-json\/wp\/v2\/tags?post=5048"}],"curies":[{"name":"wp","href":"https:\/\/api.w.org\/{rel}","templated":true}]}}