{"id":5045,"date":"2014-01-09T13:29:57","date_gmt":"2014-01-09T19:29:57","guid":{"rendered":"https:\/\/radiowebmx.com\/nota\/?p=5045"},"modified":"2014-01-09T13:29:57","modified_gmt":"2014-01-09T19:29:57","slug":"temas-de-cafe-97","status":"publish","type":"post","link":"https:\/\/radiowebmx.com\/nota\/temas-de-cafe-97\/","title":{"rendered":"TEMAS DE CAF\u00c9"},"content":{"rendered":"<ul>\n<li><a href=\"https:\/\/radiowebmx.com\/nota\/wp-content\/uploads\/2013\/06\/temas-de-cafe.jpg\"><img loading=\"lazy\" decoding=\"async\" class=\"alignleft size-full wp-image-2805\" alt=\"temas de cafe\" src=\"https:\/\/radiowebmx.com\/nota\/wp-content\/uploads\/2013\/06\/temas-de-cafe.jpg\" width=\"295\" height=\"171\" \/><\/a>16-17 EPN VIENE AL ESTADO<\/li>\n<li>TAMBIEN LA SCT Y SAGARPA<\/li>\n<li>LA INSEGURIDAD NACIONAL<\/li>\n<li>EMILIO GAMBOA VS PRECIADO<\/li>\n<\/ul>\n<p>Enrique Pe\u00f1a Nieto le cumplir\u00e1 a los michoacanos, \u00e9l prometi\u00f3 visitar al Estado durante esta a\u00f1o, por lo menos una vez al mes, y primero perm\u00edtame comentarle, que el seis de enero en Boca del R\u00edo en Veracruz, durante\u00a0 la reuni\u00f3n campesina, que cada a\u00f1o se\u00a0 realiza para recordar la promulgaci\u00f3n de la Ley Agraria, promulgada por el entonces presidente Venustiano Carranza el 6 de enero de 1915, donde estuvieron Roberto Carlos L\u00f3pez y Vicente Estrada titular y secretario de la Liga de Comunidades Agrarias de Michoac\u00e1n, un campesino michoacano, le grit\u00f3 a Pe\u00f1a Nieto, que cu\u00e1ndo visitar\u00eda Michoac\u00e1n, y le contest\u00f3 el presidente , que en unos d\u00edas m\u00e1s estar\u00eda en Uruapan.<\/p>\n<p>PE\u00d1A NIETO, LA SCT Y SAGARPA, PR\u00d3XIMAS VISITAS<\/p>\n<p>Todo mundo sabe que Michoac\u00e1n presenta graves problemas, pero es alentador saber que la Federaci\u00f3n, no ha dejado sola a la entidad y que hay profunda preocupaci\u00f3n, por ello ayer el gobernador del estado, Fausto Vallejo acompa\u00f1ado por Guillermo Guzm\u00e1n, jefe del\u00a0 Gabinete estuvieron por la tarde de ayer, con Miguel Angel Osorio Chong, para buscar la mejor estrategia, para ayudar a restablecer la ley y el orden en la entidad.<\/p>\n<p>La visita del presidente de M\u00e9xico, est\u00e1 prevista para los d\u00edas 16 o pudiera ser el 17, mientras tanto ya se preparan las pr\u00f3ximas visitas de los titulares de la SCT y del Sagarpa, quienes igual que\u00a0 todos los integrantes del gabinete, vienen con recursos para diversas obras para la entidad, que ayudar\u00e1n a fortalecer la infraestructura, para poco a poco restablecer el tejido social, que como usted sabe, se deterior\u00f3 en la \u00faltima d\u00e9cada principalmente.<\/p>\n<p>RECIBE GRAVE AL ESTADO Y LO ENTREGA PEOR: GODOY<\/p>\n<p>En un momento de sinceridad el ex gobernador michoacano, reconoci\u00f3 que cuando recibi\u00f3 al Estado, de manos de L\u00e1zaro C\u00e1rdenas Batel, la situaci\u00f3n ya estaba grave y cuando lo entreg\u00f3 a Fausto Vallejo, ya estaba peor\u00a0 esto le dijo el ex mandatario michoacano, a Ricardo Alem\u00e1n ayer y\u00a0 Ricardo es uno de los columnistas m\u00e1s prestigiados, tiene su columna diaria en el Universal y\u00a0 programa de radio en el Grupo Imagen, ah\u00ed Leonel reconoci\u00f3 que en su juventud, conoci\u00f3 a Servando G\u00f3mez quien era un\u00a0 prestigiado hombre de negocios de la regi\u00f3n de Arteaga, afirm\u00f3 le gana con 15 a\u00f1os, y respecto a las autodefensas, coment\u00f3 que son parte del pueblo, quienes se hartaron de la inseguridad y ausencia de los diferentes niveles de gobierno.<\/p>\n<p>PERCEPCI\u00d3N DE INSEGURIDAD EN TODAS LAS CIUDADES<\/p>\n<p>El INEGI es un organismo que en los \u00faltimos a\u00f1os, ha ganado credibilidad por sus encuestas en la \u00faltima coincide mucho, con la que cada mes levanta El Sistema Nacional de Seguridad P\u00fablica, en esta ocasi\u00f3n nos centraremos en la del INEGI, la cual fue levantada en diciembre en\u00a0 las principales ciudades del pa\u00eds, a ciudadanos mayores de 18 a\u00f1os, quienes en un\u00a0 68 por ciento dijeron sentirse inseguros, solamente el 31.9 dijo sentirse seguro en sus ciudades. Esta percepci\u00f3n es la misma desde el mes de septiembre del a\u00f1o pasado, casi\u00a0 no ha habido variaciones.<\/p>\n<p>EL 63.6 EVITA JOYAS, AUTOS DE CAROS Y CADENAS DE ORO<\/p>\n<p>La misma encuesta del INEGI pregunt\u00f3 que si la inseguridad, ha hecho que cambiaran sus h\u00e1bitos de vestir y un 63.6 por ciento, afirm\u00f3 que generalmente ahora evita anillos y collares o cadenas de oro,\u00a0 tanto en cuello como en las manos, desde luego prefieren no usar autos caros, para evitar llamar la atenci\u00f3n, y en la cartera solamente \u00a0buscan traer lo b\u00e1sico\u00a0 sin sus tarjetas de cr\u00e9dito o d\u00e9bito.<\/p>\n<p>EL 49.3 EVITA SALIR DE NOCHE, FIESTAS O A FAMILIARES<\/p>\n<p>De acuerdo a esta encuesta se puede saber, que la mayor\u00eda de los mexicanos que viven en ciudades, por la inseguridad han modificado no solamente su manera de vestir, sino tambi\u00e9n de conducirse en su vida social, por ejemplo el 49.3 dijo evitar salir de noche, tanto a fiestas como a visitas familiares, el 46.6 dijo que a su vez, proh\u00edben a sus hijos llegar tarde a casa, o desde luego reducen los permisos para que salgan de noche, total que la percepci\u00f3n de inseguridad, no solamente es en Michoac\u00e1n sino en la mayor\u00eda de las ciudades del pa\u00eds.<\/p>\n<p>DEBATE GAMBOA-PRECIADO: DESAPARICI\u00d3N DE PODERES<\/p>\n<p>Ernesto Cordero lleg\u00f3 a M\u00e9xico y asust\u00f3 a Jorge Luis Preciado, coordinador de los senadores azules en el Senado, por lo cual este se\u00f1or volvi\u00f3 a repetir la canci\u00f3n, de la desaparici\u00f3n de poderes, o creaci\u00f3n de una junta de gobierno, que integre a diputados y senadores, porque asegura que simplemente\u00a0 aqu\u00ed no hay gobierno, mientras que Emilio Gamboa coordinador de la bancada priista en el Senado, dijo que no hab\u00eda causales para la desaparici\u00f3n de poderes,\u00a0 la cual la deb\u00edan solicitar los michoacanos, debemos recordar que el Senado no tiene esa funci\u00f3n, solamente certifica que ya no hay poderes, coincidimos con Emilio Gamboa deben ser los michoacanos,\u00a0 quienes determinen si debe haber desaparici\u00f3n de poderes, no personas ajenas al Estado. Creemos que hay inter\u00e9s de la Federaci\u00f3n, veamos los resultados.<\/p>\n<p>EL 15 INICIA SESIONES EL CONGRESO<\/p>\n<p>El pr\u00f3ximo martes dar\u00e1 inicio el primer periodo de sesiones de este a\u00f1o, y habr\u00e1 algunas modificaciones, tanto en la presidencia de la mesa directiva, como en la junta de coordinaci\u00f3n pol\u00edtica y seguramente en algunas coordinaciones de las bancadas, as\u00ed tenemos por ejemplo Salvador Galv\u00e1n mantiene la coordinaci\u00f3n de la bancada y a la vez, asume la Junta de coordinaci\u00f3n pol\u00edtica, seguramente porque es muy bueno, o porque no hay diputados confiables para estos puestos.<\/p>\n<p>Mientras tanto Alfonso Mart\u00ednez presidir\u00e1 la mesa directiva del Congreso que dejar\u00e1 Fidel Calder\u00f3n, quien casi es una seguridad asumir\u00e1 otra vez, la coordinaci\u00f3n de la bancada perredista, en sustituci\u00f3n de Silvia Estrada, quien ya le hemos comentado no hizo mal papel, desde luego que en el caso de que no quiera Fidel la coordinaci\u00f3n, Armando Hurtado podr\u00eda buscarla, aunque tambi\u00e9n por ah\u00ed ha alzado la mano Erick Ju\u00e1rez Blanquet, quien es apoyado por Ra\u00fal Mor\u00f3n senador de la rep\u00fablica.<\/p>\n<p>EL CU\u00d1ADO DE VEGA\u00a0 CASILLAS A LA COORDINACI\u00d3N AZUL<\/p>\n<p>Como Alfonso Mart\u00ednez asumir\u00e1 la presidencia de la mesa directiva del Congreso, dejar\u00e1 la coordinaci\u00f3n de la bancada, por lo cual este puesto lo asumir\u00e1 Sergio Enrique Ben\u00edtez, de quien no dudamos de su capacidad, pero no deja de ser el cu\u00f1ado de Salvador Vega Casillas, por\u00a0 eso ocupa una diputaci\u00f3n plurinominal, de cualquier manera el Congreso iniciar\u00e1\u00a0 su trabajo legislativo este a\u00f1o, con diferentes caras en los puestos de coordinadores de bancada, junta de coordinaci\u00f3n y mesa directiva, y desde luego le deseamos un a\u00f1o fruct\u00edfero, con buenas leyes para los michoacanos.<\/p>\n<p>EN 50 MUNICIPIOS FALTA ENTREGA DE UNIFORMES<\/p>\n<p>Imagine que cinismo tan elevado de la CNTE, tiene el descaro de criticar a la SEE, por la falta de entrega de uniformes en 50 municipios del estado, as\u00ed como calzado, libros\u00a0 y los \u00fatiles escolares, y es que a este se\u00f1or Juan Jos\u00e9 Ortega Madrigal, se le olvida que estos retrasos se deben precisamente a ellos, porque tomaron las instalaciones de la Secretar\u00eda de Educaci\u00f3n, por casi tres meses y no dejaron trabajar al personal administrativo, raz\u00f3n por lo cual hubo estos retrasos, y desde luego provocar\u00e1n que no se cumplan los programas educativos, aunque haya clases si no hay libros de texto ni los \u00fatiles necesarios, en cuanto a los uniformes y calzado, usted sabe se entregan en las zonas m\u00e1s marginadas del estado, y reiteramos a\u00fan tienen el descaro de culpar a la SEE. Flaca memoria.<\/p>\n<p>PE\u00d1A NIETO SI QUIERE A SU TIERRA<\/p>\n<p>Solamente para poner en evidencia el desamor de Felipe Calder\u00f3n por Morelia, sucede que Enrique Pe\u00f1a Nieto, ha dado instrucciones, para que Toluca sea la sede de la Cumbre Toluca 2014, de Am\u00e9rica del Norte las cuales son reuniones peri\u00f3dicas, por lo general se hacen en el DF o en un destino de playa, pero en esta ocasi\u00f3n el presidente ha instruido a su personal, para que se hagan los preparativos, con el gobierno de Eruviel Avila, para esta cumbre que re\u00fane a Barack\u00a0 Obama, presidente de los Estados Unidos y a Stephen\u00a0 Herper, el primer ministro de Canad\u00e1.<\/p>\n<p>&nbsp;<\/p>\n","protected":false},"excerpt":{"rendered":"<p>\u2022\t16-17 EPN VIENE AL ESTADO<br \/>\n\u2022\tTAMBIEN LA SCT Y SAGARPA<br \/>\n\u2022\tLA INSEGURIDAD NACIONAL<br \/>\n\u2022\tEMILIO GAMBOA VS PRECIADO<\/p>\n","protected":false},"author":1,"featured_media":0,"comment_status":"open","ping_status":"open","sticky":false,"template":"","format":"standard","meta":{"footnotes":""},"categories":[4,14,10],"tags":[],"class_list":["post-5045","post","type-post","status-publish","format-standard","hentry","category-columnistas","category-destacadas","category-juan-manuel-belmonte"],"_links":{"self":[{"href":"https:\/\/radiowebmx.com\/nota\/wp-json\/wp\/v2\/posts\/5045","targetHints":{"allow":["GET"]}}],"collection":[{"href":"https:\/\/radiowebmx.com\/nota\/wp-json\/wp\/v2\/posts"}],"about":[{"href":"https:\/\/radiowebmx.com\/nota\/wp-json\/wp\/v2\/types\/post"}],"author":[{"embeddable":true,"href":"https:\/\/radiowebmx.com\/nota\/wp-json\/wp\/v2\/users\/1"}],"replies":[{"embeddable":true,"href":"https:\/\/radiowebmx.com\/nota\/wp-json\/wp\/v2\/comments?post=5045"}],"version-history":[{"count":2,"href":"https:\/\/radiowebmx.com\/nota\/wp-json\/wp\/v2\/posts\/5045\/revisions"}],"predecessor-version":[{"id":5047,"href":"https:\/\/radiowebmx.com\/nota\/wp-json\/wp\/v2\/posts\/5045\/revisions\/5047"}],"wp:attachment":[{"href":"https:\/\/radiowebmx.com\/nota\/wp-json\/wp\/v2\/media?parent=5045"}],"wp:term":[{"taxonomy":"category","embeddable":true,"href":"https:\/\/radiowebmx.com\/nota\/wp-json\/wp\/v2\/categories?post=5045"},{"taxonomy":"post_tag","embeddable":true,"href":"https:\/\/radiowebmx.com\/nota\/wp-json\/wp\/v2\/tags?post=5045"}],"curies":[{"name":"wp","href":"https:\/\/api.w.org\/{rel}","templated":true}]}}