{"id":5035,"date":"2014-01-08T12:09:40","date_gmt":"2014-01-08T18:09:40","guid":{"rendered":"https:\/\/radiowebmx.com\/nota\/?p=5035"},"modified":"2014-02-05T10:33:21","modified_gmt":"2014-02-05T16:33:21","slug":"utm-reinicia-actividades-2014","status":"publish","type":"post","link":"https:\/\/radiowebmx.com\/nota\/utm-reinicia-actividades-2014\/","title":{"rendered":"UTM REINICIA ACTIVIDADES 2014"},"content":{"rendered":"<p>Este mi\u00e9rcoles, trabajadores de la Universidad Tecnol\u00f3gica de Morelia (UTM), reiniciaron sus actividades acad\u00e9micas y administrativas, para atender a los m\u00e1s de 2 mil alumnos que regresaron a inscribirse al pr\u00f3ximo cuatrimestre, que arranca el 13 de enero.<\/p>\n<p>Desde tempranas horas, el Departamento de Servicios Escolares y Caja de la instituci\u00f3n, recibieron a los alumnos regulares que comenzaron su proceso de pago e inscripci\u00f3n; mientras que este jueves y viernes alumnos irregulares, es decir que presentaron ex\u00e1menes extraordinarios, tambi\u00e9n cubrir\u00e1n este requisito para poder iniciar el cuatrimestre el pr\u00f3ximo d\u00eda 13 del presente mes.<\/p>\n<p>Alfredo Rosales Rosales, rector de esta casa de estudios, record\u00f3 que la UTM recibi\u00f3 en el 2012, el Reconocimiento a las Instituciones de Educaci\u00f3n Superior por la Calidad de sus Programas Acad\u00e9micos, que anualmente entrega la Secretar\u00eda de Educaci\u00f3n P\u00fablica federal, al certificar la calidad en los programas educativos susceptibles a evaluaci\u00f3n de la instituci\u00f3n.<\/p>\n<p>Por lo que para este 2014 que i<a href=\"https:\/\/radiowebmx.com\/nota\/wp-content\/uploads\/2014\/01\/DSC00853.jpg\"><img loading=\"lazy\" decoding=\"async\" class=\"alignleft size-full wp-image-5036\" alt=\"DSC00853\" src=\"https:\/\/radiowebmx.com\/nota\/wp-content\/uploads\/2014\/01\/DSC00853.jpg\" width=\"591\" height=\"282\" \/><\/a>nicia, Rosales Rosales coment\u00f3 que los prop\u00f3sitos o metas en la parte acad\u00e9mica, son concluir algunos de los procesos de evaluaci\u00f3n y acreditaci\u00f3n de las carreras por los organismos evaluadores, para con ello, incrementar el porcentaje de matr\u00edcula en programas de calidad.<\/p>\n<p>Tambi\u00e9n puntualiz\u00f3 que en el \u00e1mbito financiero el prop\u00f3sito es mantener la disciplina financiera, la racionalidad en el gasto acorde al Acuerdo de Austeridad encomendado por el gobernador Fausto Vallejo Figueroa, con la finalidad de que se pueda concluir el a\u00f1o con un cero d\u00e9ficit, es decir, que el presupuesto aprobado por el Congreso del Estado por poco m\u00e1s de 46 millones de pesos, sea suficiente para atender todas las necesidades de la Universidad.<\/p>\n<p>\u201cEn lo administrativo mejoraremos nuestros procesos, con el apoyo de una versi\u00f3n siguiente de Heila v3.0, que permitir\u00e1 agilizar algunos de los procedimientos de atenci\u00f3n a los alumnos; tambi\u00e9n la idea es abatir el rezago de entrega de t\u00edtulos, as\u00ed como continuar el equipamiento de los laboratorios, para mejorar el servicio que merecen los estudiantes y darles una formaci\u00f3n de calidad\u201d, destac\u00f3.<\/p>\n<p>Cabe se\u00f1alar que directores de carreras se reunieron con el rector Alfredo Rosales Rosales, para revisar la organizaci\u00f3n de los horarios con los que iniciar\u00e1n las clases el pr\u00f3ximo lunes, esto con la finalidad de tener un reinicio de actividades que beneficie a toda la comunidad universitaria.<\/p>\n<p>&nbsp;<\/p>\n","protected":false},"excerpt":{"rendered":"<p>Este mi\u00e9rcoles, trabajadores de la Universidad Tecnol\u00f3gica de Morelia (UTM), reiniciaron sus actividades acad\u00e9micas y administrativas, para atender a los m\u00e1s de 2 mil alumnos que regresaron a inscribirse al pr\u00f3ximo cuatrimestre, que arranca el 13 de enero.<\/p>\n","protected":false},"author":1,"featured_media":0,"comment_status":"open","ping_status":"open","sticky":false,"template":"","format":"standard","meta":{"footnotes":""},"categories":[14,3],"tags":[],"class_list":["post-5035","post","type-post","status-publish","format-standard","hentry","category-destacadas","category-gobierno-del-estado-de-michoacan"],"_links":{"self":[{"href":"https:\/\/radiowebmx.com\/nota\/wp-json\/wp\/v2\/posts\/5035","targetHints":{"allow":["GET"]}}],"collection":[{"href":"https:\/\/radiowebmx.com\/nota\/wp-json\/wp\/v2\/posts"}],"about":[{"href":"https:\/\/radiowebmx.com\/nota\/wp-json\/wp\/v2\/types\/post"}],"author":[{"embeddable":true,"href":"https:\/\/radiowebmx.com\/nota\/wp-json\/wp\/v2\/users\/1"}],"replies":[{"embeddable":true,"href":"https:\/\/radiowebmx.com\/nota\/wp-json\/wp\/v2\/comments?post=5035"}],"version-history":[{"count":5,"href":"https:\/\/radiowebmx.com\/nota\/wp-json\/wp\/v2\/posts\/5035\/revisions"}],"predecessor-version":[{"id":5338,"href":"https:\/\/radiowebmx.com\/nota\/wp-json\/wp\/v2\/posts\/5035\/revisions\/5338"}],"wp:attachment":[{"href":"https:\/\/radiowebmx.com\/nota\/wp-json\/wp\/v2\/media?parent=5035"}],"wp:term":[{"taxonomy":"category","embeddable":true,"href":"https:\/\/radiowebmx.com\/nota\/wp-json\/wp\/v2\/categories?post=5035"},{"taxonomy":"post_tag","embeddable":true,"href":"https:\/\/radiowebmx.com\/nota\/wp-json\/wp\/v2\/tags?post=5035"}],"curies":[{"name":"wp","href":"https:\/\/api.w.org\/{rel}","templated":true}]}}