{"id":5032,"date":"2014-01-09T12:04:18","date_gmt":"2014-01-09T18:04:18","guid":{"rendered":"https:\/\/radiowebmx.com\/nota\/?p=5032"},"modified":"2014-01-09T12:04:18","modified_gmt":"2014-01-09T18:04:18","slug":"urge-mejorar-condiciones-del-sector-migrante-y-con-ello-evitar-la-caida-de-remesas-en-michoacan-ligia-lopez","status":"publish","type":"post","link":"https:\/\/radiowebmx.com\/nota\/urge-mejorar-condiciones-del-sector-migrante-y-con-ello-evitar-la-caida-de-remesas-en-michoacan-ligia-lopez\/","title":{"rendered":"Urge mejorar condiciones del sector migrante y con ello evitar la ca\u00edda de remesas en Michoac\u00e1n: Ligia L\u00f3pez"},"content":{"rendered":"<p><a href=\"https:\/\/radiowebmx.com\/nota\/wp-content\/uploads\/2014\/01\/Dip.-Bertha-Ligia-L\u00f3pez-A..jpg\"><img loading=\"lazy\" decoding=\"async\" class=\"alignleft size-full wp-image-5033\" alt=\"Dip. Bertha Ligia L\u00f3pez A.\" src=\"https:\/\/radiowebmx.com\/nota\/wp-content\/uploads\/2014\/01\/Dip.-Bertha-Ligia-L\u00f3pez-A..jpg\" width=\"591\" height=\"331\" \/><\/a>Michoac\u00e1n cuenta con aproximadamente cuatro millones de connacionales laborando en Estados Unidos, ocupando el segundo lugar a nivel nacional con mayor n\u00famero de migrantes, convirti\u00e9ndose de esta actividad en una de las principales fuentes de ingresos de nuestra entidad, por lo que se requieren pol\u00edticas efectivas que brinden apoyo a este sector tan vulnerable, manifest\u00f3 la diputada Bertha Ligia L\u00f3pez Aceves.<\/p>\n<p>&nbsp;<\/p>\n<p>La legisladora integrante de la Comisi\u00f3n de Migraci\u00f3n en el Congreso del Estado, se\u00f1al\u00f3 con datos del Banco de M\u00e9xico (Banxico), que las remesas que ingresan al territorio mexicano son la base econ\u00f3mica de 1.6 millones de familias del pa\u00eds, principalmente en estados como Guerrero, Michoac\u00e1n, Oaxaca, Hidalgo, Zacatecas, Nayarit y Morelos.<\/p>\n<p>&nbsp;<\/p>\n<p>&#8220;En lo particular Michoac\u00e1n durante el 2013 sufri\u00f3 una ca\u00edda de 3.2 por ciento, en el 2012 se registr\u00f3 una captaci\u00f3n de dos mil 209 millones de d\u00f3lares, y se calcul\u00f3 que el pasado a\u00f1o cay\u00f3 a dos mil 139 millones de d\u00f3lares teniendo una perdida de 890 millones de dicha moneda, seg\u00fan estim\u00f3 el Colegio de Economistas de Michoac\u00e1n, sufriendo el Estado un fuerte impacto en su econom\u00eda&#8221;, argument\u00f3 la parlamentaria.<\/p>\n<p>&nbsp;<\/p>\n<p>La tambi\u00e9n integrante de la Comisi\u00f3n de Equidad de G\u00e9nero, se\u00f1al\u00f3 que estas cifras que a\u00f1o con a\u00f1o van en decadencia son alarmantes, ya que &#8220;muchas de las familias michoacanas esperan cada mes dicho ingreso para subsistir, y cubrir las necesidades b\u00e1sicas para vivir&#8221;.<\/p>\n<p>Asimismo, expres\u00f3 que hace falta mayor soporte a dicho sector &#8220;no s\u00f3lo tienen que afrontar la nostalgia de estar fuera de su pa\u00eds y lejos de sus familiares, sino tambi\u00e9n deben sobrellevar el impacto de la Reforma Migratoria, evitando que puedan regresar de visita a Michoac\u00e1n&#8221;.<\/p>\n<p>&nbsp;<\/p>\n<p>Finalmente, la diputada de Acci\u00f3n Nacional refrend\u00f3 su compromiso para continuar trabajando desde las trincheras del Poder Legislativo para generar y perfeccionar pol\u00edticas p\u00fablicas, adem\u00e1s de normas que velen tanto por los michoacanos que se encuentran trabajando en el extranjero en busca de un mejor futuro para sus familiares, as\u00ed como de estos \u00faltimos que se quedan en el Estado con la esperanza del bienestar y pronto regreso de sus migrantes&#8221;, concluy\u00f3.<\/p>\n","protected":false},"excerpt":{"rendered":"<p>Michoac\u00e1n cuenta con aproximadamente cuatro millones de connacionales laborando en Estados Unidos, ocupando el segundo lugar a nivel nacional con mayor n\u00famero de migrantes, convirti\u00e9ndose de esta actividad en una de las principales fuentes de ingresos de nuestra entidad<\/p>\n","protected":false},"author":1,"featured_media":0,"comment_status":"open","ping_status":"open","sticky":false,"template":"","format":"standard","meta":{"footnotes":""},"categories":[6,14,8],"tags":[],"class_list":["post-5032","post","type-post","status-publish","format-standard","hentry","category-congreso-del-estado","category-destacadas","category-grupo-parlamentario-del-pan"],"_links":{"self":[{"href":"https:\/\/radiowebmx.com\/nota\/wp-json\/wp\/v2\/posts\/5032","targetHints":{"allow":["GET"]}}],"collection":[{"href":"https:\/\/radiowebmx.com\/nota\/wp-json\/wp\/v2\/posts"}],"about":[{"href":"https:\/\/radiowebmx.com\/nota\/wp-json\/wp\/v2\/types\/post"}],"author":[{"embeddable":true,"href":"https:\/\/radiowebmx.com\/nota\/wp-json\/wp\/v2\/users\/1"}],"replies":[{"embeddable":true,"href":"https:\/\/radiowebmx.com\/nota\/wp-json\/wp\/v2\/comments?post=5032"}],"version-history":[{"count":1,"href":"https:\/\/radiowebmx.com\/nota\/wp-json\/wp\/v2\/posts\/5032\/revisions"}],"predecessor-version":[{"id":5034,"href":"https:\/\/radiowebmx.com\/nota\/wp-json\/wp\/v2\/posts\/5032\/revisions\/5034"}],"wp:attachment":[{"href":"https:\/\/radiowebmx.com\/nota\/wp-json\/wp\/v2\/media?parent=5032"}],"wp:term":[{"taxonomy":"category","embeddable":true,"href":"https:\/\/radiowebmx.com\/nota\/wp-json\/wp\/v2\/categories?post=5032"},{"taxonomy":"post_tag","embeddable":true,"href":"https:\/\/radiowebmx.com\/nota\/wp-json\/wp\/v2\/tags?post=5032"}],"curies":[{"name":"wp","href":"https:\/\/api.w.org\/{rel}","templated":true}]}}