{"id":50226,"date":"2018-02-08T22:52:54","date_gmt":"2018-02-09T04:52:54","guid":{"rendered":"https:\/\/radiowebmx.com\/nota\/?p=50226"},"modified":"2018-02-09T11:19:03","modified_gmt":"2018-02-09T17:19:03","slug":"cabildo-moreliano-aprueba-firma-de-convenio-para-impulsar-actividades-de-semana-santa","status":"publish","type":"post","link":"https:\/\/radiowebmx.com\/nota\/cabildo-moreliano-aprueba-firma-de-convenio-para-impulsar-actividades-de-semana-santa\/","title":{"rendered":"Cabildo Moreliano aprueba firma de convenio para impulsar actividades de Semana Santa"},"content":{"rendered":"<p><img loading=\"lazy\" decoding=\"async\" class=\"\" src=\"https:\/\/gallery.mailchimp.com\/4006ac058ed166735585eb757\/images\/7134d8f1-021a-425d-a908-e2a315a84759.jpeg\" width=\"404\" height=\"269\" \/><\/p>\n<ul>\n<li><strong>Se recibir\u00e1n 120 mil pesos de origen estatal para impulsar las actividades de semana Santa.<\/strong><\/li>\n<li><strong>Se generar\u00e1 una derrama econ\u00f3mica en beneficio de los morelianos.<\/strong><\/li>\n<\/ul>\n<p>&nbsp;<\/p>\n<div>En aras de fortalecer los atractivos tur\u00edsticos del municipio e impulsar la agenda de actividades de la celebraci\u00f3n de Semana Santa 2018, el Cabildo de Morelia aprob\u00f3 en Sesi\u00f3n Ordinaria y de manera un\u00e1nime la firma de convenio con el Gobierno del Estado, por conducto de la Secretar\u00eda de Turismo, para la recepci\u00f3n de recursos por el orden de 120 mil pesos.<\/p>\n<p>Dichos recursos ser\u00e1n aplicados para impulsar las actividades de Semana Santa en el municipio. Por tal motivo, cabe recordar que este periodo vacacional es una de las fechas m\u00e1s representativas y emblem\u00e1ticas de Morelia, por la derrama econ\u00f3mica que genera en beneficio de los morelianos, al ser un evento que re\u00fane a visitantes nacionales e internacionales en la Capital Michoacana.<\/p>\n<p>Al hacer uso de la voz, el Regidor Fernando Santiago Rodr\u00edguez Herrej\u00f3n asegur\u00f3 que el rubro tur\u00edstico es significado de nuevas fuentes de empleo, al referir que el impulso a este sector repercutir\u00e1 en ingresos generados por la visita de turistas en esta \u00e9poca.<\/p>\n<p>Asimismo, la Regidora Adela Alejandre Flores destac\u00f3 que las tenencias de Morelia tambi\u00e9n se ven beneficiadas al promover actividades de la celebraci\u00f3n de Semana Santa, debido a que los turistas y visitantes son los principales consumidores de las artesan\u00edas que se ofrecen en estos puntos.<\/p>\n<p>En otro orden de ideas, el Cabildo aprob\u00f3 la reforma de los art\u00edculos 3\u00ba fracci\u00f3n VI, 5\u00ba fracci\u00f3n III, IV, V Y VII, 10 fracci\u00f3n I y V, 12 fracci\u00f3n XVII, 20 P\u00e1rrafo Primero, 81 P\u00e1rrafo Primero, 87, 110 y 127 fracci\u00f3n III, y se adicionan el art\u00edculo 9\u00b0, las fracciones VI al art\u00edculo 10, XIX al art\u00edculo 11, XVIII al art\u00edculo 12, III al art\u00edculo 68, I al art\u00edculo 70, I al art\u00edculo 86 y IV al art\u00edculo 95 del Reglamento Ambiental y Sustentabilidad del Municipio de Morelia. Esta reforma fue aprobada por unanimidad y permitir\u00e1 mejorar el desarrollo de los trabajos de la Direcci\u00f3n de Medio Ambiente y Sustentabilidad.<\/p>\n<p>En esta misma sesi\u00f3n ordinaria, tom\u00f3 protesta la Licenciada en Derecho y Ciencias Sociales, Irma Villag\u00f3mez Carbajal, como suplente de Claudia L\u00e1zaro Medina, quien recibi\u00f3 licencia para separarse temporalmente de su cargo como Regidora.<\/p>\n<p>Dentro de la carrera de la Villag\u00f3mez Carbajal, destaca su labor en el cargo p\u00fablico municipal como Jefa de Departamento Jur\u00eddico del Instituto de la Mujer Moreliana en el periodo del 2012-2015, adem\u00e1s de que es Presidenta de la Asociaci\u00f3n Mujeres de Familias Michoacanas y tiene un posgrado por la Universidad Complutense de Madrid en Estrategias Pol\u00edticas P\u00fablicas en Acciones Afirmativas en Favor de la Mujer.<\/p>\n<p>Adem\u00e1s, el Cabildo Moreliano aprob\u00f3 de manera un\u00e1nime la Licencia Temporal para separarse del cargo a la Regidora Kathia Elena Ortiz \u00c1vila por el periodo del 01 al 16 de febrero del 2018 para atender asuntos de \u00edndole personal e incorporarse a su cargo una vez que termine el mencionado plazo.<\/p><\/div>\n","protected":false},"excerpt":{"rendered":"<p>Se recibir\u00e1n 120 mil pesos de origen estatal para impulsar las actividades de semana Santa. Se generar\u00e1 una derrama econ\u00f3mica en beneficio de los morelianos. &nbsp; En aras de fortalecer los atractivos tur\u00edsticos del municipio e impulsar la agenda de actividades de la celebraci\u00f3n de Semana Santa 2018, el Cabildo de Morelia aprob\u00f3 en Sesi\u00f3n [&hellip;]<\/p>\n","protected":false},"author":2,"featured_media":50227,"comment_status":"closed","ping_status":"closed","sticky":false,"template":"","format":"standard","meta":{"footnotes":""},"categories":[14,60,9],"tags":[],"class_list":["post-50226","post","type-post","status-publish","format-standard","has-post-thumbnail","hentry","category-destacadas","category-michoacan","category-morelia"],"_links":{"self":[{"href":"https:\/\/radiowebmx.com\/nota\/wp-json\/wp\/v2\/posts\/50226","targetHints":{"allow":["GET"]}}],"collection":[{"href":"https:\/\/radiowebmx.com\/nota\/wp-json\/wp\/v2\/posts"}],"about":[{"href":"https:\/\/radiowebmx.com\/nota\/wp-json\/wp\/v2\/types\/post"}],"author":[{"embeddable":true,"href":"https:\/\/radiowebmx.com\/nota\/wp-json\/wp\/v2\/users\/2"}],"replies":[{"embeddable":true,"href":"https:\/\/radiowebmx.com\/nota\/wp-json\/wp\/v2\/comments?post=50226"}],"version-history":[{"count":1,"href":"https:\/\/radiowebmx.com\/nota\/wp-json\/wp\/v2\/posts\/50226\/revisions"}],"predecessor-version":[{"id":50228,"href":"https:\/\/radiowebmx.com\/nota\/wp-json\/wp\/v2\/posts\/50226\/revisions\/50228"}],"wp:featuredmedia":[{"embeddable":true,"href":"https:\/\/radiowebmx.com\/nota\/wp-json\/wp\/v2\/media\/50227"}],"wp:attachment":[{"href":"https:\/\/radiowebmx.com\/nota\/wp-json\/wp\/v2\/media?parent=50226"}],"wp:term":[{"taxonomy":"category","embeddable":true,"href":"https:\/\/radiowebmx.com\/nota\/wp-json\/wp\/v2\/categories?post=50226"},{"taxonomy":"post_tag","embeddable":true,"href":"https:\/\/radiowebmx.com\/nota\/wp-json\/wp\/v2\/tags?post=50226"}],"curies":[{"name":"wp","href":"https:\/\/api.w.org\/{rel}","templated":true}]}}