{"id":50216,"date":"2018-02-08T14:35:07","date_gmt":"2018-02-08T20:35:07","guid":{"rendered":"https:\/\/radiowebmx.com\/nota\/?p=50216"},"modified":"2018-02-08T14:35:07","modified_gmt":"2018-02-08T20:35:07","slug":"cientos-de-personas-disfrutaron-de-la-musica-y-danza-en-sicuicho","status":"publish","type":"post","link":"https:\/\/radiowebmx.com\/nota\/cientos-de-personas-disfrutaron-de-la-musica-y-danza-en-sicuicho\/","title":{"rendered":"Cientos de personas disfrutaron de la m\u00fasica y danza en Sicuicho"},"content":{"rendered":"<p><img loading=\"lazy\" decoding=\"async\" class=\"\" src=\"https:\/\/gallery.mailchimp.com\/a4abfaea79b3e35e586fbb060\/images\/a20f1978-370e-4ceb-97f5-b08d95352a42.jpg\" width=\"400\" height=\"300\" \/><\/p>\n<ul dir=\"auto\">\n<li><strong>El fin de semana pasado en esa comunidad de Los Reyes se llev\u00f3 a cabo la celebraci\u00f3n en honor a la Virgen de la Candelaria.<\/strong><\/li>\n<\/ul>\n<div dir=\"auto\"><\/div>\n<div dir=\"auto\">\n<div dir=\"auto\"><strong>Morelia, Michoac\u00e1n, a 8 de febrero de 2018.-<\/strong>\u00a0Una vez m\u00e1s la localidad de Sicuicho, en el municipio de Los Reyes, Michoac\u00e1n, llev\u00f3 a cabo la celebraci\u00f3n en honor de la Virgen de la Candelaria, tradici\u00f3n en la que predomin\u00f3 la m\u00fasica y la danza.<\/div>\n<div dir=\"auto\">Jonathan Equihua Cervantes, integrante de la comisi\u00f3n de personas procedentes de Morelia, Michoac\u00e1n, y de Guadalajara, Jalisco, indic\u00f3 que llevaron la Orquesta \u201cAires de la Ca\u00f1ada de Ich\u00e1n\u201d que se present\u00f3 el s\u00e1bado 3 y el domingo 4 de febrero.<\/div>\n<div dir=\"auto\">El \u201cBarrio de abajo\u201d llev\u00f3 a la Orquesta Alma de Ahuir\u00e1n, mientras que el \u201cBarrio de arriba\u201d present\u00f3 a la Orquesta Minzita Pur\u00e9pecha de Cher\u00e1n.<\/div>\n<div dir=\"auto\">Las tres agrupaciones ofrecieron su actuaci\u00f3n el s\u00e1bado 3 de febrero entre las 19:30 y 21:00 horas en un encuentro de m\u00fasica tradicional pur\u00e9pecha, celebrado en la plaza principal de la comunidad, en donde interpretaron sones y abaje\u00f1os para disfrute de los asistentes, quienes con aplausos demostraron su preferencia.<\/div>\n<div dir=\"auto\">El domingo 4, cada orquesta present\u00f3 a su grupo de danzantes que desde la ma\u00f1ana y a lo largo del d\u00eda, visitaron las casas de la comunidad y pidieron una cooperaci\u00f3n econ\u00f3mica destinada al pago de los grupos musicales.<\/div>\n<div dir=\"auto\">Ya para concluir, por la noche cada grupo se present\u00f3 en la plaza principal, espacio en donde tambi\u00e9n se pudieron apreciar fuegos pirot\u00e9cnicos.<\/div>\n<div dir=\"auto\">Jonathan Equihua expres\u00f3 que primer d\u00eda de celebraci\u00f3n acudieron alrededor de 300 personas, mientras que el domingo asistieron cerca de 500 personas, algunas de ellas habitantes de lugares cercarnos a Los Reyes.<\/div>\n<div dir=\"auto\">Equihua Cervantes explic\u00f3 a lo largo del a\u00f1o y previo a la celebraci\u00f3n, las personas que integran la comisi\u00f3n de cada barrio van alistando los preparativos; actividad en las que la comunidad tambi\u00e9n se involucra a fin de ofrecer alimentaci\u00f3n y alojamiento a los grupos participantes.<\/div>\n<div dir=\"auto\">El entrevistado indic\u00f3 que quienes desean participar en esta tradici\u00f3n tambi\u00e9n invierten en la compra de su atuendo, que incluye la m\u00e1scara, el calz\u00f3n de manta y la camisa.<\/div>\n<div dir=\"auto\">La m\u00fasica y la danza de esta celebraci\u00f3n se combinan con la alegr\u00eda de los participantes, entre los que se pueden ver a ni\u00f1os, j\u00f3venes y adultos.<\/div>\n<div dir=\"auto\"><\/div>\n<\/div>\n<div dir=\"auto\"><img loading=\"lazy\" decoding=\"async\" class=\"\" src=\"https:\/\/gallery.mailchimp.com\/a4abfaea79b3e35e586fbb060\/images\/1885426e-8dd0-47db-8189-f41221838ad9.jpg\" width=\"400\" height=\"300\" \/><\/div>\n<div dir=\"auto\"><\/div>\n<div dir=\"auto\"><img loading=\"lazy\" decoding=\"async\" class=\"\" src=\"https:\/\/gallery.mailchimp.com\/a4abfaea79b3e35e586fbb060\/images\/bb89fa9b-0a72-4d39-a142-ef45a4ec9620.jpg\" width=\"401\" height=\"301\" \/><\/div>\n","protected":false},"excerpt":{"rendered":"<p>El fin de semana pasado en esa comunidad de Los Reyes se llev\u00f3 a cabo la celebraci\u00f3n en honor a la Virgen de la Candelaria. Morelia, Michoac\u00e1n, a 8 de febrero de 2018.-\u00a0Una vez m\u00e1s la localidad de Sicuicho, en el municipio de Los Reyes, Michoac\u00e1n, llev\u00f3 a cabo la celebraci\u00f3n en honor de la [&hellip;]<\/p>\n","protected":false},"author":2,"featured_media":50217,"comment_status":"closed","ping_status":"closed","sticky":false,"template":"","format":"standard","meta":{"footnotes":""},"categories":[14,3,60],"tags":[],"class_list":["post-50216","post","type-post","status-publish","format-standard","has-post-thumbnail","hentry","category-destacadas","category-gobierno-del-estado-de-michoacan","category-michoacan"],"_links":{"self":[{"href":"https:\/\/radiowebmx.com\/nota\/wp-json\/wp\/v2\/posts\/50216","targetHints":{"allow":["GET"]}}],"collection":[{"href":"https:\/\/radiowebmx.com\/nota\/wp-json\/wp\/v2\/posts"}],"about":[{"href":"https:\/\/radiowebmx.com\/nota\/wp-json\/wp\/v2\/types\/post"}],"author":[{"embeddable":true,"href":"https:\/\/radiowebmx.com\/nota\/wp-json\/wp\/v2\/users\/2"}],"replies":[{"embeddable":true,"href":"https:\/\/radiowebmx.com\/nota\/wp-json\/wp\/v2\/comments?post=50216"}],"version-history":[{"count":1,"href":"https:\/\/radiowebmx.com\/nota\/wp-json\/wp\/v2\/posts\/50216\/revisions"}],"predecessor-version":[{"id":50218,"href":"https:\/\/radiowebmx.com\/nota\/wp-json\/wp\/v2\/posts\/50216\/revisions\/50218"}],"wp:featuredmedia":[{"embeddable":true,"href":"https:\/\/radiowebmx.com\/nota\/wp-json\/wp\/v2\/media\/50217"}],"wp:attachment":[{"href":"https:\/\/radiowebmx.com\/nota\/wp-json\/wp\/v2\/media?parent=50216"}],"wp:term":[{"taxonomy":"category","embeddable":true,"href":"https:\/\/radiowebmx.com\/nota\/wp-json\/wp\/v2\/categories?post=50216"},{"taxonomy":"post_tag","embeddable":true,"href":"https:\/\/radiowebmx.com\/nota\/wp-json\/wp\/v2\/tags?post=50216"}],"curies":[{"name":"wp","href":"https:\/\/api.w.org\/{rel}","templated":true}]}}