{"id":50213,"date":"2018-02-08T14:22:56","date_gmt":"2018-02-08T20:22:56","guid":{"rendered":"https:\/\/radiowebmx.com\/nota\/?p=50213"},"modified":"2018-02-08T14:22:56","modified_gmt":"2018-02-08T20:22:56","slug":"rehabilitacion-del-mirador-de-santa-maria-es-un-rescate-de-la-historia-gerencia-del-patrimonio-cultural","status":"publish","type":"post","link":"https:\/\/radiowebmx.com\/nota\/rehabilitacion-del-mirador-de-santa-maria-es-un-rescate-de-la-historia-gerencia-del-patrimonio-cultural\/","title":{"rendered":"Rehabilitaci\u00f3n del Mirador de Santa Mar\u00eda es un rescate de la historia: Gerencia del Patrimonio Cultural"},"content":{"rendered":"<p><img loading=\"lazy\" decoding=\"async\" class=\"\" src=\"https:\/\/gallery.mailchimp.com\/4006ac058ed166735585eb757\/images\/9d05b2b6-31bd-4a5e-946a-16a1030c5732.jpeg\" width=\"400\" height=\"300\" \/><\/p>\n<ul>\n<li><strong>Este proyecto integral incorpora a varias \u00e1reas del Ayuntamiento, con el fin de recuperar un ic\u00f3nico espacio para los morelianos.<\/strong><\/li>\n<li><strong>El retiro de pinta en las escaleras tiene un avance del 70 por ciento.<\/strong><\/li>\n<\/ul>\n<p>&nbsp;<\/p>\n<div>La rehabilitaci\u00f3n del Mirador y las Escaleras de Santa Mar\u00eda no s\u00f3lo es un rescate de espacios p\u00fablicos sino de la historia de la ciudad, asegur\u00f3 el Gerente del Patrimonio Cultural de Morelia, Gaspar Hern\u00e1ndez Razo, al referir que el proyecto ya muestra un avance considerable en varias \u00e1reas.<\/p>\n<p>Hern\u00e1ndez Razo trajo a cuenta que este ic\u00f3nico sitio de Morelia fue un camino de terracer\u00eda que conectaba la mencionada tenencia con la ciudad, hasta que a finales de la d\u00e9cada de los 60s comenz\u00f3 a cambiar.<\/p>\n<p>En este sentido, explic\u00f3 que la Administraci\u00f3n Municipal de ese entonces emprendi\u00f3 obras que cambiaron el rostro de algunas zonas de la ciudad que permanec\u00edan abandonadas, tal fue el caso de este camino de terracer\u00eda que se convirti\u00f3 en un lugar para el disfrute.<\/p>\n<p>Por tal motivo, el Gerente del Patrimonio Cultural de Morelia reiter\u00f3 que en la actual Administraci\u00f3n Municipal se trabaja de manera decidida para rescatar los lugares olvidados por otras Administraciones, para as\u00ed dotar a los morelianos de m\u00e1s lugares para el disfrute y el sano esparcimiento con la familia.<\/p>\n<p>A su vez, el Director del Patrimonio Cultural de Morelia, Juan Carlos Garc\u00eda Mata, destac\u00f3 que se registra un avance promedio del 50 por ciento en los trabajos coordinados en las Escaleras y el Mirador.<\/p>\n<p>&#8220;Nos hemos dado a la tarea desde hace casi dos semanas de atender este espacio p\u00fablico y renovarlo como lo indic\u00f3 el Alcalde Alfonso Mart\u00ednez Alc\u00e1zar, y as\u00ed darle nueva vida&#8221;, destac\u00f3 el Director.<\/p>\n<p>Detall\u00f3 que los trabajos de recubrimiento de pintura en el Mirador presentan un 70 por ciento de progreso, a la par el recubrimiento en las Escaleras tiene un desarrollo de acciones del 50 por ciento y en retiro de pintas en canter\u00eda un 70 por ciento.<\/p>\n<p>El Gerente de Patrimonio recalc\u00f3 que las Escaleras y el Mirador de Santa Mar\u00eda forman uno de los espacios hist\u00f3ricos de cantera m\u00e1s importantes de la ciudad fuera del Centro Hist\u00f3rico de Morelia, el cual es visitado no solo por deportistas sino por familias enteras de la ciudad.<\/p>\n<p>Cabe recordar que en este importante proyecto de rehabilitaci\u00f3n integral participan las Direcciones de Residuos S\u00f3lidos, Alumbrado Sustentable, Imagen Urbana, as\u00ed como el Organismo Operador de Agua Potable, Alcantarillado y Saneamiento (OOAPAS), y se trabaja en la rehabilitaci\u00f3n de las escaleras, el retiro de pintas, el recubrimiento a cal sobre cantera, la reposici\u00f3n de piezas de cantera y la colocaci\u00f3n de luminarias.<\/p>\n<p>Con acciones como esta, la Administraci\u00f3n Municipal encabezada por el Alcalde Alfonso Mart\u00ednez Alc\u00e1zar, realiza un trabajo en el que se involucran varias de las \u00e1reas del Ayuntamiento con el fin de regresar la majestuosidad a un punto hist\u00f3rico del patrimonio de Morelia.<\/p><\/div>\n<div><\/div>\n<div><\/div>\n<div><img loading=\"lazy\" decoding=\"async\" class=\"\" src=\"https:\/\/gallery.mailchimp.com\/4006ac058ed166735585eb757\/images\/7e57b6ab-b775-4781-af6c-6c5dfd4a9859.jpeg\" width=\"400\" height=\"225\" \/><\/div>\n","protected":false},"excerpt":{"rendered":"<p>Este proyecto integral incorpora a varias \u00e1reas del Ayuntamiento, con el fin de recuperar un ic\u00f3nico espacio para los morelianos. El retiro de pinta en las escaleras tiene un avance del 70 por ciento. &nbsp; La rehabilitaci\u00f3n del Mirador y las Escaleras de Santa Mar\u00eda no s\u00f3lo es un rescate de espacios p\u00fablicos sino de [&hellip;]<\/p>\n","protected":false},"author":2,"featured_media":50214,"comment_status":"closed","ping_status":"closed","sticky":false,"template":"","format":"standard","meta":{"footnotes":""},"categories":[14,60,9],"tags":[],"class_list":["post-50213","post","type-post","status-publish","format-standard","has-post-thumbnail","hentry","category-destacadas","category-michoacan","category-morelia"],"_links":{"self":[{"href":"https:\/\/radiowebmx.com\/nota\/wp-json\/wp\/v2\/posts\/50213","targetHints":{"allow":["GET"]}}],"collection":[{"href":"https:\/\/radiowebmx.com\/nota\/wp-json\/wp\/v2\/posts"}],"about":[{"href":"https:\/\/radiowebmx.com\/nota\/wp-json\/wp\/v2\/types\/post"}],"author":[{"embeddable":true,"href":"https:\/\/radiowebmx.com\/nota\/wp-json\/wp\/v2\/users\/2"}],"replies":[{"embeddable":true,"href":"https:\/\/radiowebmx.com\/nota\/wp-json\/wp\/v2\/comments?post=50213"}],"version-history":[{"count":1,"href":"https:\/\/radiowebmx.com\/nota\/wp-json\/wp\/v2\/posts\/50213\/revisions"}],"predecessor-version":[{"id":50215,"href":"https:\/\/radiowebmx.com\/nota\/wp-json\/wp\/v2\/posts\/50213\/revisions\/50215"}],"wp:featuredmedia":[{"embeddable":true,"href":"https:\/\/radiowebmx.com\/nota\/wp-json\/wp\/v2\/media\/50214"}],"wp:attachment":[{"href":"https:\/\/radiowebmx.com\/nota\/wp-json\/wp\/v2\/media?parent=50213"}],"wp:term":[{"taxonomy":"category","embeddable":true,"href":"https:\/\/radiowebmx.com\/nota\/wp-json\/wp\/v2\/categories?post=50213"},{"taxonomy":"post_tag","embeddable":true,"href":"https:\/\/radiowebmx.com\/nota\/wp-json\/wp\/v2\/tags?post=50213"}],"curies":[{"name":"wp","href":"https:\/\/api.w.org\/{rel}","templated":true}]}}