{"id":50203,"date":"2018-02-08T13:07:31","date_gmt":"2018-02-08T19:07:31","guid":{"rendered":"https:\/\/radiowebmx.com\/nota\/?p=50203"},"modified":"2018-02-08T13:07:31","modified_gmt":"2018-02-08T19:07:31","slug":"manana-inicia-la-temporada-de-conciertos-de-la-osidem","status":"publish","type":"post","link":"https:\/\/radiowebmx.com\/nota\/manana-inicia-la-temporada-de-conciertos-de-la-osidem\/","title":{"rendered":"Ma\u00f1ana inicia la temporada de conciertos de la Osidem"},"content":{"rendered":"<p><img loading=\"lazy\" decoding=\"async\" class=\"\" src=\"https:\/\/gallery.mailchimp.com\/a4abfaea79b3e35e586fbb060\/images\/cfa559f4-964e-4301-8fc1-1bee19f54c60.jpg\" width=\"400\" height=\"400\" \/><\/p>\n<ul>\n<li><strong>En la primera presentaci\u00f3n de 2018, la m\u00e1xima agrupaci\u00f3n de la entidad interpretar\u00e1 piezas de Ludwig van Beethoven, George Frederich Handel y Franz Joseph Haydn.<\/strong><\/li>\n<\/ul>\n<div dir=\"auto\"><\/div>\n<div dir=\"auto\"><strong>Morelia, Michoac\u00e1n, a 8 de febrero de 2018.-<\/strong>\u00a0Como parte de su primera temporada de conciertos 2018, ma\u00f1ana viernes 9 de febrero a las 20:30 horas en el Teatro Ocampo, la Orquesta Sinf\u00f3nica de Michoac\u00e1n (Osidem), ofrecer\u00e1 una presentaci\u00f3n con el director asistente Raymundo Gonz\u00e1lez Boyaji\u00e1n. La entrada es completamente gratuita.<\/div>\n<div dir=\"auto\"><\/div>\n<div dir=\"auto\">La m\u00e1xima agrupaci\u00f3n musical de Michoac\u00e1n presentar\u00e1 un programa integrado por la Obertura de Coriolano, de Ludwig van Beethoven, adem\u00e1s del Concierto grosso no. 6 Opus 6 en Sol menor de George Frederich Handel, as\u00ed como la Sinfon\u00eda n\u00famero 104 en re mayor \u201cLondres\u201d, de Franz Joseph Haydn.<\/div>\n<div dir=\"auto\"><\/div>\n<div dir=\"auto\">A las y los interesados en asistir, se les recomienda llegar con 30 minutos de anticipaci\u00f3n para acceder de manera ordenada al recinto que cuando est\u00e9 a su m\u00e1xima capacidad, cerrar\u00e1 sus puertas para la propia seguridad y comodidad del p\u00fablico presente.<\/div>\n","protected":false},"excerpt":{"rendered":"<p>En la primera presentaci\u00f3n de 2018, la m\u00e1xima agrupaci\u00f3n de la entidad interpretar\u00e1 piezas de Ludwig van Beethoven, George Frederich Handel y Franz Joseph Haydn. Morelia, Michoac\u00e1n, a 8 de febrero de 2018.-\u00a0Como parte de su primera temporada de conciertos 2018, ma\u00f1ana viernes 9 de febrero a las 20:30 horas en el Teatro Ocampo, la [&hellip;]<\/p>\n","protected":false},"author":2,"featured_media":50204,"comment_status":"closed","ping_status":"closed","sticky":false,"template":"","format":"standard","meta":{"footnotes":""},"categories":[14,3,60],"tags":[],"class_list":["post-50203","post","type-post","status-publish","format-standard","has-post-thumbnail","hentry","category-destacadas","category-gobierno-del-estado-de-michoacan","category-michoacan"],"_links":{"self":[{"href":"https:\/\/radiowebmx.com\/nota\/wp-json\/wp\/v2\/posts\/50203","targetHints":{"allow":["GET"]}}],"collection":[{"href":"https:\/\/radiowebmx.com\/nota\/wp-json\/wp\/v2\/posts"}],"about":[{"href":"https:\/\/radiowebmx.com\/nota\/wp-json\/wp\/v2\/types\/post"}],"author":[{"embeddable":true,"href":"https:\/\/radiowebmx.com\/nota\/wp-json\/wp\/v2\/users\/2"}],"replies":[{"embeddable":true,"href":"https:\/\/radiowebmx.com\/nota\/wp-json\/wp\/v2\/comments?post=50203"}],"version-history":[{"count":1,"href":"https:\/\/radiowebmx.com\/nota\/wp-json\/wp\/v2\/posts\/50203\/revisions"}],"predecessor-version":[{"id":50205,"href":"https:\/\/radiowebmx.com\/nota\/wp-json\/wp\/v2\/posts\/50203\/revisions\/50205"}],"wp:featuredmedia":[{"embeddable":true,"href":"https:\/\/radiowebmx.com\/nota\/wp-json\/wp\/v2\/media\/50204"}],"wp:attachment":[{"href":"https:\/\/radiowebmx.com\/nota\/wp-json\/wp\/v2\/media?parent=50203"}],"wp:term":[{"taxonomy":"category","embeddable":true,"href":"https:\/\/radiowebmx.com\/nota\/wp-json\/wp\/v2\/categories?post=50203"},{"taxonomy":"post_tag","embeddable":true,"href":"https:\/\/radiowebmx.com\/nota\/wp-json\/wp\/v2\/tags?post=50203"}],"curies":[{"name":"wp","href":"https:\/\/api.w.org\/{rel}","templated":true}]}}