{"id":50188,"date":"2018-02-07T15:10:35","date_gmt":"2018-02-07T21:10:35","guid":{"rendered":"https:\/\/radiowebmx.com\/nota\/?p=50188"},"modified":"2018-02-08T11:36:39","modified_gmt":"2018-02-08T17:36:39","slug":"mujeres-dan-la-batalla-para-pleno-respeto-de-sus-derechos-politicos-belinda-iturbide","status":"publish","type":"post","link":"https:\/\/radiowebmx.com\/nota\/mujeres-dan-la-batalla-para-pleno-respeto-de-sus-derechos-politicos-belinda-iturbide\/","title":{"rendered":"Mujeres dan la batalla para pleno respeto de sus derechos pol\u00edticos: Belinda Iturbide"},"content":{"rendered":"<p><img loading=\"lazy\" decoding=\"async\" class=\"\" src=\"https:\/\/attachment.outlook.office.net\/owa\/ultrapolitica@hotmail.com\/service.svc\/s\/GetAttachmentThumbnail?id=AQMkADAwATYwMAItODMyNi00ODU0LTAwAi0wMAoARgAAA5HawHgQuq9DrqMPu%2BRLC5sHANRV7lYdW%2FpNtd2j%2BEW2swoAAAIBDAAAANRV7lYdW%2FpNtd2j%2BEW2swoAAh1TA6YAAAABEgAQAEYzLqV01K1NoTjTy6upoPQ%3D&amp;thumbnailType=2&amp;X-OWA-CANARY=g2OEENIOREqYZPGDJ5FGTOAsdAQab9UY_n4yr6Bu1hawy_JtqrheDajuY6AjTF8XlWmm6TTjksE.&amp;token=eyJ0eXAiOiJKV1QiLCJhbGciOiJSUzI1NiIsIng1dCI6ImVuaDlCSnJWUFU1aWpWMXFqWmpWLWZMMmJjbyJ9.eyJ2ZXIiOiJFeGNoYW5nZS5DYWxsYmFjay5WMSIsImFwcGN0eHNlbmRlciI6Ik93YURvd25sb2FkQDg0ZGY5ZTdmLWU5ZjYtNDBhZi1iNDM1LWFhYWFhYWFhYWFhYSIsImFwcGN0eCI6IntcIm1zZXhjaHByb3RcIjpcIm93YVwiLFwicHJpbWFyeXNpZFwiOlwiUy0xLTI4MjctMzkzMjE2LTIyMDAzMjQxODBcIixcInB1aWRcIjpcIjE2ODg4NTIwNjA1ODgxMTZcIixcIm9pZFwiOlwiMDAwNjAwMDAtODMyNi00ODU0LTAwMDAtMDAwMDAwMDAwMDAwXCIsXCJzY29wZVwiOlwiT3dhRG93bmxvYWRcIn0iLCJpc3MiOiIwMDAwMDAwMi0wMDAwLTBmZjEtY2UwMC0wMDAwMDAwMDAwMDBAODRkZjllN2YtZTlmNi00MGFmLWI0MzUtYWFhYWFhYWFhYWFhIiwiYXVkIjoiMDAwMDAwMDItMDAwMC0wZmYxLWNlMDAtMDAwMDAwMDAwMDAwL2F0dGFjaG1lbnQub3V0bG9vay5vZmZpY2UubmV0QDg0ZGY5ZTdmLWU5ZjYtNDBhZi1iNDM1LWFhYWFhYWFhYWFhYSIsImV4cCI6MTUxODExMTc4NywibmJmIjoxNTE4MTExMTg3fQ.w7gWCLOwkAfCYD9cE5zwwtbAalcrJZPLGAtIa-himumCqfc_o2M7ylo98KLKBYfMmpKkaokQNaH1KVuuf_LYDQ9Ujd5ykcUISWpnHuhLHyTnPmt7ppxuhIUQ0U6GAxQO7N3G-VoZAsj2smOKNHC5yHi2Vneftgw2e0IbHaI0HVREkvGWAMOzRmuYnomgAzf5s6CS6zPgRJ-ht9pYDtYE572N-88YDa9y6saS_UgK1aKKBiJBcmDCHu_hKvL8HIV_8zwohN-eZ016IACjgzMtRTnRlSUUCRnLgNqbgqMqs3vUpVRuQm_dhKaMCg1FQ2S1Zm8qL1_cbktn79wgbhw58Q&amp;owa=outlook.live.com&amp;isc=1\" width=\"400\" height=\"300\" \/><\/p>\n<p>&nbsp;<\/p>\n<p class=\"x_MsoNormal\"><b>Morelia; Michoac\u00e1n, 7 de febrero de 2018<\/b>.- Las conquistas hist\u00f3ricas que en materia pol\u00edtica han logrado las mujeres en M\u00e9xico, no permiten cabida a la segregaci\u00f3n u omisi\u00f3n, porque hoy m\u00e1s que nunca en nuestro pa\u00eds las mujeres est\u00e1n dando la batalla para el pleno respeto de sus derechos, subray\u00f3 la diputada por el distrito de Puru\u00e1ndiro, Belinda Iturbide D\u00edaz.<\/p>\n<p class=\"x_MsoNormal\">La legisladora de extracci\u00f3n perredista record\u00f3 que en este 2018 se cumplen 65 a\u00f1os que en el Diario Oficial de la Federaci\u00f3n se public\u00f3 la reforma al art\u00edculo 34 de la Constituci\u00f3n Pol\u00edtica que reconoci\u00f3 a la mujer su car\u00e1cter como ciudadana.<\/p>\n<p class=\"x_MsoNormal\">\u201cFue una gran paso para la conquista de los derechos pol\u00edticos de las mujeres, sin embargo vemos que el camino que ha precedido a este hecho ha sido cuesta arriba ya que a\u00fan existen reticencias para hacer valer estos derechos sin cortapisas\u201d.<\/p>\n<p class=\"x_MsoNormal\">Record\u00f3 que si bien en este siglo legalmente estaba prevista la equidad en la definici\u00f3n de candidaturas dentro de los partidos para el acceso a los espacios de representaci\u00f3n p\u00fablica, esto no resultaba un mecanismo efectivo ya que en muchos casos se burlaba el esp\u00edritu de la norma, de ah\u00ed que se presentaran situaciones tan lamentables como los de las llamadas \u201cjuanitas\u201d.<\/p>\n<p class=\"x_MsoNormal\">\u201cEn Michoac\u00e1n la actual legislatura local se puso a trabajar en ese sentido de forma que hoy la l\u00f3gica es la igualdad, criterio que adem\u00e1s ya est\u00e1 previsto en la legislaci\u00f3n federal de manera que los esfuerzos est\u00e1n encaminados a cerrar cualquier atisbo de discriminaci\u00f3n hacia la participaci\u00f3n de las mujeres\u201d.<\/p>\n<p class=\"x_MsoNormal\">Iturbide D\u00edaz record\u00f3 que las mujeres jam\u00e1s han escatimado su participaci\u00f3n en los asuntos p\u00fablicos, tanto que m\u00e1s de la mitad del padr\u00f3n electoral est\u00e1 integrado por mujeres, y son ellas las que m\u00e1s acuden a las urnas para sufragar.<\/p>\n","protected":false},"excerpt":{"rendered":"<p>&nbsp; Morelia; Michoac\u00e1n, 7 de febrero de 2018.- Las conquistas hist\u00f3ricas que en materia pol\u00edtica han logrado las mujeres en M\u00e9xico, no permiten cabida a la segregaci\u00f3n u omisi\u00f3n, porque hoy m\u00e1s que nunca en nuestro pa\u00eds las mujeres est\u00e1n dando la batalla para el pleno respeto de sus derechos, subray\u00f3 la diputada por el [&hellip;]<\/p>\n","protected":false},"author":2,"featured_media":50189,"comment_status":"closed","ping_status":"closed","sticky":false,"template":"","format":"standard","meta":{"footnotes":""},"categories":[6,14],"tags":[],"class_list":["post-50188","post","type-post","status-publish","format-standard","has-post-thumbnail","hentry","category-congreso-del-estado","category-destacadas"],"_links":{"self":[{"href":"https:\/\/radiowebmx.com\/nota\/wp-json\/wp\/v2\/posts\/50188","targetHints":{"allow":["GET"]}}],"collection":[{"href":"https:\/\/radiowebmx.com\/nota\/wp-json\/wp\/v2\/posts"}],"about":[{"href":"https:\/\/radiowebmx.com\/nota\/wp-json\/wp\/v2\/types\/post"}],"author":[{"embeddable":true,"href":"https:\/\/radiowebmx.com\/nota\/wp-json\/wp\/v2\/users\/2"}],"replies":[{"embeddable":true,"href":"https:\/\/radiowebmx.com\/nota\/wp-json\/wp\/v2\/comments?post=50188"}],"version-history":[{"count":1,"href":"https:\/\/radiowebmx.com\/nota\/wp-json\/wp\/v2\/posts\/50188\/revisions"}],"predecessor-version":[{"id":50190,"href":"https:\/\/radiowebmx.com\/nota\/wp-json\/wp\/v2\/posts\/50188\/revisions\/50190"}],"wp:featuredmedia":[{"embeddable":true,"href":"https:\/\/radiowebmx.com\/nota\/wp-json\/wp\/v2\/media\/50189"}],"wp:attachment":[{"href":"https:\/\/radiowebmx.com\/nota\/wp-json\/wp\/v2\/media?parent=50188"}],"wp:term":[{"taxonomy":"category","embeddable":true,"href":"https:\/\/radiowebmx.com\/nota\/wp-json\/wp\/v2\/categories?post=50188"},{"taxonomy":"post_tag","embeddable":true,"href":"https:\/\/radiowebmx.com\/nota\/wp-json\/wp\/v2\/tags?post=50188"}],"curies":[{"name":"wp","href":"https:\/\/api.w.org\/{rel}","templated":true}]}}