{"id":50185,"date":"2018-02-07T18:42:59","date_gmt":"2018-02-08T00:42:59","guid":{"rendered":"https:\/\/radiowebmx.com\/nota\/?p=50185"},"modified":"2018-02-08T11:27:58","modified_gmt":"2018-02-08T17:27:58","slug":"yarabi-organiza-talleres-para-el-autoempleo","status":"publish","type":"post","link":"https:\/\/radiowebmx.com\/nota\/yarabi-organiza-talleres-para-el-autoempleo\/","title":{"rendered":"Yarab\u00ed organiza talleres para el autoempleo"},"content":{"rendered":"<ul>\n<li class=\"x_gmail-MsoNoSpacing\"><strong>La diputada del PRI agradeci\u00f3 que los ciudadanos de su Distrito acogieran estos talleres que son parte fundamental en la reconstrucci\u00f3n del tejido social<\/strong><\/li>\n<li><strong>Agreg\u00f3 que este a\u00f1o vendr\u00e1n con m\u00e1s fuerza estos espacios que tienen m\u00e1s de dos a\u00f1os implement\u00e1ndose en las colonias populares de Morelia<\/strong><\/li>\n<\/ul>\n<p class=\"x_gmail-MsoNoSpacing\">\n<p class=\"x_gmail-MsoNoSpacing\">\n<p class=\"x_gmail-MsoNoSpacing\"><b>Morelia; Michoac\u00e1n, 07 de febrero de 2018.-\u00a0\u00a0<\/b>Como cada a\u00f1o, la diputada del PRI por Morelia Noroeste, Yarab\u00ed \u00c1vila Gonz\u00e1lez inform\u00f3 que est\u00e1n listos los cursos, talleres y capacitaciones que se efectuaran en este distrito a partir de este febrero, mismos que est\u00e1n dirigidos a padres de familia, ni\u00f1os y adultos mayores, y son totalmente gratuitos.<b><\/b><\/p>\n<p class=\"x_gmail-MsoNoSpacing\">La diputada expuso que el prop\u00f3sito de estos talleres es contribuir a la mejora de condiciones de vida de los habitantes de esta zona, porque adem\u00e1s con ellos se promueven el emprendimiento y la productividad como una forma de vida y ataque a la pobreza.<\/p>\n<p class=\"x_gmail-MsoNoSpacing\">Record\u00f3 que desde hace dos a\u00f1os a trav\u00e9s de su casa de enlace se determin\u00f3 caminar hacia las zonas m\u00e1s necesitada de su\u00a0\u00a0Distrito, en donde se identificaron las necesidades de cientos de familias, ah\u00ed tras un diagn\u00f3stico se traz\u00f3 una ruta de trabajo que adem\u00e1s de contribuir al empoderamiento de las mujeres morelianas, tambi\u00e9n se ha logrado generar proyectos productivos que dan sus primeros resultados con la venta de sus productos y la colocaci\u00f3n de los mismos, en diversos mercados.<\/p>\n<p class=\"x_gmail-MsoNoSpacing\">Para febrero expres\u00f3 la legisladora del tricolor se implementaran nuevos cursos, y se mantienen vigentes curso de gelatina art\u00edstica, reboso bordado, cocina saludable, pintura en tela, zapato\u00a0\u00a0tejido, bordado y panader\u00eda, los cuales han tenido importante demanda entre los habitantes de estas zonas.<\/p>\n<p class=\"x_gmail-MsoNoSpacing\">Record\u00f3 que estos cursos tambi\u00e9n se ofrecieron durante todo el 2017 en el Distrito 10, y se obtuvo gran respuesta de los habitantes, quienes ven en este tipo de talleres una forma de vida, una alternativa de desarrollo, pero adem\u00e1s generan comunidad, contribuyen a la reconstrucci\u00f3n del tejido social, y apoyan en la generaci\u00f3n de oportunidades de autoempleo para las familias que lo necesitan.<\/p>\n<p class=\"x_gmail-MsoNoSpacing\">\u201cBuscamos mejores condiciones de bienestar social, promover valores de solidaridad, trabajo en equipo, honestidad e integridad, que siempre deben estar acompa\u00f1adas de la generaci\u00f3n de pol\u00edticas p\u00fablicas, siempre en este sentido ha sido nuestro trabajo en el Congreso del Estado\u201d, dijo la diputada.<\/p>\n<p class=\"x_gmail-MsoNoSpacing\">Inform\u00f3 que para todas las personas interesadas en participar en estos cursos y talleres, solo deben acudir a la Casa de Gesti\u00f3n ubicada en la Avenida D\u00e9cima de la colonia Jardines de Guadalupe, ah\u00ed podr\u00e1n conocer el detalle de los horarios, lugares y espacios donde se brindar\u00e1n los talleres.<\/p>\n","protected":false},"excerpt":{"rendered":"<p>La diputada del PRI agradeci\u00f3 que los ciudadanos de su Distrito acogieran estos talleres que son parte fundamental en la reconstrucci\u00f3n del tejido social Agreg\u00f3 que este a\u00f1o vendr\u00e1n con m\u00e1s fuerza estos espacios que tienen m\u00e1s de dos a\u00f1os implement\u00e1ndose en las colonias populares de Morelia Morelia; Michoac\u00e1n, 07 de febrero de 2018.-\u00a0\u00a0Como cada [&hellip;]<\/p>\n","protected":false},"author":2,"featured_media":50186,"comment_status":"closed","ping_status":"closed","sticky":false,"template":"","format":"standard","meta":{"footnotes":""},"categories":[6,14],"tags":[],"class_list":["post-50185","post","type-post","status-publish","format-standard","has-post-thumbnail","hentry","category-congreso-del-estado","category-destacadas"],"_links":{"self":[{"href":"https:\/\/radiowebmx.com\/nota\/wp-json\/wp\/v2\/posts\/50185","targetHints":{"allow":["GET"]}}],"collection":[{"href":"https:\/\/radiowebmx.com\/nota\/wp-json\/wp\/v2\/posts"}],"about":[{"href":"https:\/\/radiowebmx.com\/nota\/wp-json\/wp\/v2\/types\/post"}],"author":[{"embeddable":true,"href":"https:\/\/radiowebmx.com\/nota\/wp-json\/wp\/v2\/users\/2"}],"replies":[{"embeddable":true,"href":"https:\/\/radiowebmx.com\/nota\/wp-json\/wp\/v2\/comments?post=50185"}],"version-history":[{"count":1,"href":"https:\/\/radiowebmx.com\/nota\/wp-json\/wp\/v2\/posts\/50185\/revisions"}],"predecessor-version":[{"id":50187,"href":"https:\/\/radiowebmx.com\/nota\/wp-json\/wp\/v2\/posts\/50185\/revisions\/50187"}],"wp:featuredmedia":[{"embeddable":true,"href":"https:\/\/radiowebmx.com\/nota\/wp-json\/wp\/v2\/media\/50186"}],"wp:attachment":[{"href":"https:\/\/radiowebmx.com\/nota\/wp-json\/wp\/v2\/media?parent=50185"}],"wp:term":[{"taxonomy":"category","embeddable":true,"href":"https:\/\/radiowebmx.com\/nota\/wp-json\/wp\/v2\/categories?post=50185"},{"taxonomy":"post_tag","embeddable":true,"href":"https:\/\/radiowebmx.com\/nota\/wp-json\/wp\/v2\/tags?post=50185"}],"curies":[{"name":"wp","href":"https:\/\/api.w.org\/{rel}","templated":true}]}}