{"id":50176,"date":"2018-02-07T18:09:50","date_gmt":"2018-02-08T00:09:50","guid":{"rendered":"https:\/\/radiowebmx.com\/nota\/?p=50176"},"modified":"2018-02-08T11:07:11","modified_gmt":"2018-02-08T17:07:11","slug":"en-tiempo-ayuntamientos-para-heredar-finanzas-sanas-jeovana-alcantar","status":"publish","type":"post","link":"https:\/\/radiowebmx.com\/nota\/en-tiempo-ayuntamientos-para-heredar-finanzas-sanas-jeovana-alcantar\/","title":{"rendered":"En tiempo ayuntamientos para heredar finanzas sanas: Jeovana Alc\u00e1ntar"},"content":{"rendered":"<p class=\"x_gmail-MsoNoSpacing\"><b>Morelia; Michoac\u00e1n, 07 de febrero de 2018.-\u00a0\u00a0<\/b>En la recta final del trienio, es necesario que las administraciones municipales se apliquen en heredar finanzas ordenadas a sus sucesoras, por lo que est\u00e1n en tiempo y forma de aclarar dudas y poner al corriente sus cuentas, apunt\u00f3 la diputada Jeovana Alc\u00e1ntar Baca, presidenta de la Comisi\u00f3n de Fortalecimiento Municipal y L\u00edmites Territoriales de la LXXIII Legislatura local.<\/p>\n<p class=\"x_gmail-MsoNoSpacing\">La legisladora por el distrito de Hidalgo, record\u00f3 que uno de los reclamos m\u00e1s sentidos por las administraciones municipales que entran, es el estado en que encuentran la hacienda y sus cuentas, la mayor\u00eda de las veces por descuido en las salientes<\/p>\n<p class=\"x_gmail-MsoNoSpacing\">Se\u00f1al\u00f3 que si bien los ayuntamientos est\u00e1n obligados a ajustarse a los criterios contables establecidos en las normas federales y estatales as\u00ed como en los establecidos por el Consejo Nacional de Armonizaci\u00f3n Contable, es necesario que sean escrupulosos para evitar dolores de cabeza a futuro.<\/p>\n<p class=\"x_gmail-MsoNoSpacing\">\u201cEs com\u00fan que en el \u00faltimo a\u00f1o de las administraciones municipales la atenci\u00f3n est\u00e9 concentrada m\u00e1s en asuntos de \u00edndole pol\u00edtico, sin embargo esto no es pretexto para bajar la guardia en las responsabilidades que se tienen sobe un adecuado manejo de la contabilidad municipal\u201d.<\/p>\n<p class=\"x_gmail-MsoNoSpacing\">Record\u00f3 que hoy existen normas m\u00e1s estrictas en cuanto a la forma de llevar las cuentas y el manejo de la hacienda p\u00fablica, por lo que las autoridades municipales deben tener mayor minuciosidad para que en esta recta final y en el cierre de sus administraciones se apeguen a la norma, con lo que evitar\u00e1n problemas a futuro tanto para s\u00ed como para quienes los suceder\u00e1n en el cargo.<\/p>\n","protected":false},"excerpt":{"rendered":"<p>Morelia; Michoac\u00e1n, 07 de febrero de 2018.-\u00a0\u00a0En la recta final del trienio, es necesario que las administraciones municipales se apliquen en heredar finanzas ordenadas a sus sucesoras, por lo que est\u00e1n en tiempo y forma de aclarar dudas y poner al corriente sus cuentas, apunt\u00f3 la diputada Jeovana Alc\u00e1ntar Baca, presidenta de la Comisi\u00f3n de [&hellip;]<\/p>\n","protected":false},"author":2,"featured_media":50177,"comment_status":"closed","ping_status":"closed","sticky":false,"template":"","format":"standard","meta":{"footnotes":""},"categories":[6,14],"tags":[],"class_list":["post-50176","post","type-post","status-publish","format-standard","has-post-thumbnail","hentry","category-congreso-del-estado","category-destacadas"],"_links":{"self":[{"href":"https:\/\/radiowebmx.com\/nota\/wp-json\/wp\/v2\/posts\/50176","targetHints":{"allow":["GET"]}}],"collection":[{"href":"https:\/\/radiowebmx.com\/nota\/wp-json\/wp\/v2\/posts"}],"about":[{"href":"https:\/\/radiowebmx.com\/nota\/wp-json\/wp\/v2\/types\/post"}],"author":[{"embeddable":true,"href":"https:\/\/radiowebmx.com\/nota\/wp-json\/wp\/v2\/users\/2"}],"replies":[{"embeddable":true,"href":"https:\/\/radiowebmx.com\/nota\/wp-json\/wp\/v2\/comments?post=50176"}],"version-history":[{"count":1,"href":"https:\/\/radiowebmx.com\/nota\/wp-json\/wp\/v2\/posts\/50176\/revisions"}],"predecessor-version":[{"id":50178,"href":"https:\/\/radiowebmx.com\/nota\/wp-json\/wp\/v2\/posts\/50176\/revisions\/50178"}],"wp:featuredmedia":[{"embeddable":true,"href":"https:\/\/radiowebmx.com\/nota\/wp-json\/wp\/v2\/media\/50177"}],"wp:attachment":[{"href":"https:\/\/radiowebmx.com\/nota\/wp-json\/wp\/v2\/media?parent=50176"}],"wp:term":[{"taxonomy":"category","embeddable":true,"href":"https:\/\/radiowebmx.com\/nota\/wp-json\/wp\/v2\/categories?post=50176"},{"taxonomy":"post_tag","embeddable":true,"href":"https:\/\/radiowebmx.com\/nota\/wp-json\/wp\/v2\/tags?post=50176"}],"curies":[{"name":"wp","href":"https:\/\/api.w.org\/{rel}","templated":true}]}}