{"id":50170,"date":"2018-02-07T18:35:31","date_gmt":"2018-02-08T00:35:31","guid":{"rendered":"https:\/\/radiowebmx.com\/nota\/?p=50170"},"modified":"2018-02-08T10:31:37","modified_gmt":"2018-02-08T16:31:37","slug":"ayuntamiento-de-morelia-dara-continuidad-a-la-cultura-a-pantalla-en-2018","status":"publish","type":"post","link":"https:\/\/radiowebmx.com\/nota\/ayuntamiento-de-morelia-dara-continuidad-a-la-cultura-a-pantalla-en-2018\/","title":{"rendered":"Ayuntamiento de Morelia dar\u00e1 continuidad a \u201cLa Cultura A-Pantalla\u201d en 2018"},"content":{"rendered":"<p><img loading=\"lazy\" decoding=\"async\" class=\"\" src=\"https:\/\/gallery.mailchimp.com\/4006ac058ed166735585eb757\/images\/75fdac22-3bbf-4902-b494-b5f438e6cdb7.jpeg\" width=\"400\" height=\"266\" \/><\/p>\n<ul>\n<li><strong>Este programa impulsado por la Secretar\u00eda de Cultura de Morelia presenta proyecciones con contenidos culturales en plazas p\u00fablicas de la ciudad.<\/strong><\/li>\n<li><strong>Las proyecciones de este a\u00f1o arrancar\u00e1n el pr\u00f3ximo s\u00e1bado en la Plaza Benito Ju\u00e1rez.<\/strong><\/li>\n<\/ul>\n<p>&nbsp;<\/p>\n<div>Con la finalidad de llevar espect\u00e1culos de primer nivel a toda la poblaci\u00f3n, la Administraci\u00f3n Municipal a trav\u00e9s de la Secretar\u00eda de Cultura de Morelia (SECULMO) dar\u00e1 inicio al programa \u201cCultura A &#8211; Pantalla\u201d, la ma\u00f1ana de este s\u00e1bado en la Plaza Benito Ju\u00e1rez.<\/p>\n<p>\u201cLos morelianos podr\u00e1n disfrutar de la proyecci\u00f3n de pel\u00edculas mexicanas, cine independiente, documentales y series; todas, relacionadas a la cultura, historia, gastronom\u00eda, arte y tradiciones populares\u201d, explic\u00f3 el Director de Promoci\u00f3n y Vinculaci\u00f3n de la Secretar\u00eda de Cultura, Ignacio Tena Vences.<\/p>\n<p>Adelant\u00f3 que las funciones se llevar\u00e1n a cabo los s\u00e1bados y domingos 10 y 11 as\u00ed como el 17 y 18 de Febrero, de diez de la ma\u00f1ana a ocho de la noche, con acceso totalmente gratuito.<\/p>\n<p>De la misma forma, se realizar\u00e1n transmisiones en vivo o en retransmisi\u00f3n de conciertos, \u00f3pera y obras de teatro que tienen lugar en el Palacio de Bellas Artes de la Ciudad de M\u00e9xico y otros importantes teatros del pa\u00eds.<\/p>\n<p>Cabe destacar que \u201cLa Cultura A-Pantalla\u201d es un programa federal de la Secretar\u00eda de Cultura en conjunto con la Fonoteca Nacional, el cual pudo llegar desde 2016 a Morelia gracias la colaboraci\u00f3n de la SECULMO con la Secretar\u00eda de Difusi\u00f3n y Extensi\u00f3n Universitaria de la Universidad Michoacana de San Nicol\u00e1s de Hidalgo (UMSNH).<\/p>\n<p>Con acciones como esta, el Ayuntamiento de Morelia a trav\u00e9s de su Secretar\u00eda de Cultura refrenda su compromiso de ofrecer un mayor cat\u00e1logo de espect\u00e1culos a todos los ciudadanos, con el fin de seguir colocando a la ciudad como un punto referente para la cultura y las artes.<\/p><\/div>\n","protected":false},"excerpt":{"rendered":"<p>Este programa impulsado por la Secretar\u00eda de Cultura de Morelia presenta proyecciones con contenidos culturales en plazas p\u00fablicas de la ciudad. Las proyecciones de este a\u00f1o arrancar\u00e1n el pr\u00f3ximo s\u00e1bado en la Plaza Benito Ju\u00e1rez. &nbsp; Con la finalidad de llevar espect\u00e1culos de primer nivel a toda la poblaci\u00f3n, la Administraci\u00f3n Municipal a trav\u00e9s de [&hellip;]<\/p>\n","protected":false},"author":2,"featured_media":50171,"comment_status":"closed","ping_status":"closed","sticky":false,"template":"","format":"standard","meta":{"footnotes":""},"categories":[14,60,9],"tags":[],"class_list":["post-50170","post","type-post","status-publish","format-standard","has-post-thumbnail","hentry","category-destacadas","category-michoacan","category-morelia"],"_links":{"self":[{"href":"https:\/\/radiowebmx.com\/nota\/wp-json\/wp\/v2\/posts\/50170","targetHints":{"allow":["GET"]}}],"collection":[{"href":"https:\/\/radiowebmx.com\/nota\/wp-json\/wp\/v2\/posts"}],"about":[{"href":"https:\/\/radiowebmx.com\/nota\/wp-json\/wp\/v2\/types\/post"}],"author":[{"embeddable":true,"href":"https:\/\/radiowebmx.com\/nota\/wp-json\/wp\/v2\/users\/2"}],"replies":[{"embeddable":true,"href":"https:\/\/radiowebmx.com\/nota\/wp-json\/wp\/v2\/comments?post=50170"}],"version-history":[{"count":1,"href":"https:\/\/radiowebmx.com\/nota\/wp-json\/wp\/v2\/posts\/50170\/revisions"}],"predecessor-version":[{"id":50172,"href":"https:\/\/radiowebmx.com\/nota\/wp-json\/wp\/v2\/posts\/50170\/revisions\/50172"}],"wp:featuredmedia":[{"embeddable":true,"href":"https:\/\/radiowebmx.com\/nota\/wp-json\/wp\/v2\/media\/50171"}],"wp:attachment":[{"href":"https:\/\/radiowebmx.com\/nota\/wp-json\/wp\/v2\/media?parent=50170"}],"wp:term":[{"taxonomy":"category","embeddable":true,"href":"https:\/\/radiowebmx.com\/nota\/wp-json\/wp\/v2\/categories?post=50170"},{"taxonomy":"post_tag","embeddable":true,"href":"https:\/\/radiowebmx.com\/nota\/wp-json\/wp\/v2\/tags?post=50170"}],"curies":[{"name":"wp","href":"https:\/\/api.w.org\/{rel}","templated":true}]}}