{"id":50167,"date":"2018-02-07T19:17:33","date_gmt":"2018-02-08T01:17:33","guid":{"rendered":"https:\/\/radiowebmx.com\/nota\/?p=50167"},"modified":"2018-02-08T10:28:24","modified_gmt":"2018-02-08T16:28:24","slug":"junto-con-la-ciudadania-estamos-transformando-morelia-alfonso-martinez","status":"publish","type":"post","link":"https:\/\/radiowebmx.com\/nota\/junto-con-la-ciudadania-estamos-transformando-morelia-alfonso-martinez\/","title":{"rendered":"Junto con la ciudadan\u00eda, estamos transformando Morelia: Alfonso Mart\u00ednez"},"content":{"rendered":"<p><img loading=\"lazy\" decoding=\"async\" class=\"\" src=\"https:\/\/gallery.mailchimp.com\/4006ac058ed166735585eb757\/images\/ce7f5d9a-6d0e-42ab-8ae4-e3a55ad70d3d.jpeg\" width=\"403\" height=\"268\" \/><\/p>\n<ul>\n<li><strong>El Presidente Municipal particip\u00f3 en la XII Cumbre Mundial de Comunicaci\u00f3n Pol\u00edtica de la Ciudad de M\u00e9xico, donde habl\u00f3 de su experiencia al gobernar Morelia.<\/strong><\/li>\n<\/ul>\n<div>El Presidente Municipal de Morelia, Alfonso Mart\u00ednez Alc\u00e1zar, particip\u00f3 como invitado en la XII Cumbre Mundial de Comunicaci\u00f3n Pol\u00edtica (CumbreMX) de la Ciudad de M\u00e9xico, donde habl\u00f3 de su experiencia al gobernar la Capital Michoacana y destac\u00f3 que la transformaci\u00f3n de esta urbe ha sido posible gracias al trabajo cercano con la ciudadan\u00eda.<\/p>\n<p>\u201cEn Morelia padecimos una \u00e9poca muy compleja, tuvimos ocho a\u00f1os de poco turismo y el a\u00f1o pasado rompimos el record en el n\u00famero de visitantes y derrama econ\u00f3mica y cerramos con la mejor ocupaci\u00f3n hotelera. Adem\u00e1s han regresado las inversiones y hemos logrado recuperar la tranquilidad del municipio y eso se debe a que hoy estamos gobernando con la ciudadan\u00eda y tomamos las decisiones de la mano de los morelianos\u201d, afirm\u00f3 el Alcalde durante su participaci\u00f3n en el evento organizado por la revista \u201cAlcaldes de M\u00e9xico\u201d, y en el que participan funcionarios y expertos de M\u00e9xico, Espa\u00f1a, Ecuador y Argentina, entre otros pa\u00edses.<\/p>\n<p>Alfonso Mart\u00ednez a\u00f1adi\u00f3 que una muestra de la cercan\u00eda de su Gobierno con los ciudadanos, es que en coordinaci\u00f3n con los representantes de los distintos sectores sociales se consolid\u00f3 el Plan de Gran Visi\u00f3n \u201cMorelia NExT\u201d, que es la planeaci\u00f3n de la ciudad a 25 a\u00f1os y cuya ruta ha servido para forjar el cambio ordenado en la urbanidad de la Capital Michoacana.<\/p>\n<p>Asimismo, Alfonso Mart\u00ednez insisti\u00f3 que la Administraci\u00f3n Municipal que encabeza, ha hecho un gran esfuerzo por transformar la realidad de una ciudad que durante muchas d\u00e9cadas anteriores tuvo un gran rezago, pero cuyos avances ya comienzan a ser palpables.<\/p>\n<p>\u201cHoy la realidad es distinta y esto se debe tambi\u00e9n a que apostamos por el fortalecimiento de la Polic\u00eda de Morelia, donde recibimos hace casi 2 a\u00f1os y medio, 120 elementos operativos de seguridad y hoy son m\u00e1s de 700 activos, de los cuales el 100 por ciento cuenta con los ex\u00e1menes de control y confianza acreditados, son primeros respondientes y hemos creado un modelo de justicia c\u00edvica que es modelo a nivel nacional\u201d, dijo el Alcalde, en referencia al elogio p\u00fablico que la estrategia moreliana recibi\u00f3 esta semana por parte del Secretario Ejecutivo del Sistema Nacional de Seguridad P\u00fablica, \u00c1lvaro Vizca\u00edno Zamora.<\/p>\n<p>El Presidente Municipal, subray\u00f3 que estas acciones han abonado al impulso del turismo y la atracci\u00f3n de inversiones al municipio, de ah\u00ed que el prop\u00f3sito es seguir fortaleciendo estas pol\u00edticas que han logrado dar otro rostro a la ciudad.<\/p>\n<p>Cabe mencionar que la Cumbre que se lleva a cabo del seis al ocho de febrero en la Ciudad de M\u00e9xico, cuenta con la presencia de 200 conferencistas nacionales e internacionales, quienes de manera simult\u00e1nea abordan temas de comunicaci\u00f3n gubernamental.<\/p>\n<p>Con la participaci\u00f3n del Alcalde Alfonso Mart\u00ednez en este prestigioso evento, la Administraci\u00f3n Municipal reitera su compromiso de ser un Gobierno cercano a la gente y centrado en dar buenos resultados a la ciudadan\u00eda de la Capital Michoacana.<\/p><\/div>\n","protected":false},"excerpt":{"rendered":"<p>El Presidente Municipal particip\u00f3 en la XII Cumbre Mundial de Comunicaci\u00f3n Pol\u00edtica de la Ciudad de M\u00e9xico, donde habl\u00f3 de su experiencia al gobernar Morelia. El Presidente Municipal de Morelia, Alfonso Mart\u00ednez Alc\u00e1zar, particip\u00f3 como invitado en la XII Cumbre Mundial de Comunicaci\u00f3n Pol\u00edtica (CumbreMX) de la Ciudad de M\u00e9xico, donde habl\u00f3 de su experiencia [&hellip;]<\/p>\n","protected":false},"author":2,"featured_media":50168,"comment_status":"closed","ping_status":"closed","sticky":false,"template":"","format":"standard","meta":{"footnotes":""},"categories":[14,60,9],"tags":[],"class_list":["post-50167","post","type-post","status-publish","format-standard","has-post-thumbnail","hentry","category-destacadas","category-michoacan","category-morelia"],"_links":{"self":[{"href":"https:\/\/radiowebmx.com\/nota\/wp-json\/wp\/v2\/posts\/50167","targetHints":{"allow":["GET"]}}],"collection":[{"href":"https:\/\/radiowebmx.com\/nota\/wp-json\/wp\/v2\/posts"}],"about":[{"href":"https:\/\/radiowebmx.com\/nota\/wp-json\/wp\/v2\/types\/post"}],"author":[{"embeddable":true,"href":"https:\/\/radiowebmx.com\/nota\/wp-json\/wp\/v2\/users\/2"}],"replies":[{"embeddable":true,"href":"https:\/\/radiowebmx.com\/nota\/wp-json\/wp\/v2\/comments?post=50167"}],"version-history":[{"count":1,"href":"https:\/\/radiowebmx.com\/nota\/wp-json\/wp\/v2\/posts\/50167\/revisions"}],"predecessor-version":[{"id":50169,"href":"https:\/\/radiowebmx.com\/nota\/wp-json\/wp\/v2\/posts\/50167\/revisions\/50169"}],"wp:featuredmedia":[{"embeddable":true,"href":"https:\/\/radiowebmx.com\/nota\/wp-json\/wp\/v2\/media\/50168"}],"wp:attachment":[{"href":"https:\/\/radiowebmx.com\/nota\/wp-json\/wp\/v2\/media?parent=50167"}],"wp:term":[{"taxonomy":"category","embeddable":true,"href":"https:\/\/radiowebmx.com\/nota\/wp-json\/wp\/v2\/categories?post=50167"},{"taxonomy":"post_tag","embeddable":true,"href":"https:\/\/radiowebmx.com\/nota\/wp-json\/wp\/v2\/tags?post=50167"}],"curies":[{"name":"wp","href":"https:\/\/api.w.org\/{rel}","templated":true}]}}