{"id":50163,"date":"2018-02-07T19:19:04","date_gmt":"2018-02-08T01:19:04","guid":{"rendered":"https:\/\/radiowebmx.com\/nota\/?p=50163"},"modified":"2018-02-08T10:25:28","modified_gmt":"2018-02-08T16:25:28","slug":"presenta-gerencia-del-patrimonio-cultural-las-primeras-actividades-de-semana-santa-en-morelia-2018","status":"publish","type":"post","link":"https:\/\/radiowebmx.com\/nota\/presenta-gerencia-del-patrimonio-cultural-las-primeras-actividades-de-semana-santa-en-morelia-2018\/","title":{"rendered":"Presenta Gerencia del Patrimonio Cultural las primeras actividades de Semana Santa en Morelia 2018"},"content":{"rendered":"<p><img loading=\"lazy\" decoding=\"async\" class=\"\" src=\"https:\/\/gallery.mailchimp.com\/4006ac058ed166735585eb757\/images\/a0f0ed1f-78ad-4de0-a5ac-5a05140462a4.jpg\" width=\"401\" height=\"267\" \/><\/p>\n<ul>\n<li><strong>Se invita a la ciudadan\u00eda \u00a0a participar en las dos puestas en escena \u00a0\u201cLa \u00faltima cena\u201d y \u201cHe aqu\u00ed al hombre\u201d, que se llevar\u00e1n a cabo en la Plaza Valladolid.<\/strong><\/li>\n<li><strong>28, 29 y 30 de marzo, las primeras fechas para disfrutar de esta agenda de Semana Santa.<\/strong><\/li>\n<\/ul>\n<div><\/div>\n<div>Con el fin de ofrecer a los turistas nacionales y extranjeros espect\u00e1culos culturales ic\u00f3nicos y representativos de la Semana Santa, la Gerencia del Patrimonio Cultural de Morelia a cargo de Gaspar Hern\u00e1ndez Razo anunci\u00f3 algunas de las actividades que se llevar\u00e1n a cabo durante este periodo vacacional de gran concurrencia en la Capital Michoacana.En ese sentido, el Gerente del Patrimonio hizo una invitaci\u00f3n mediante conferencia de prensa para que los ciudadanos participen en los castings de actores para las obras teatrales \u201cLa \u00faltima cena\u201d y \u201cHe aqu\u00ed al hombre\u201d, las cuales son importantes representaciones que por dos a\u00f1os consecutivos han tenido una respuesta de 100 personas, que buscan interpretar alg\u00fan papel.<\/p>\n<p>Gaspar Hern\u00e1ndez hizo este anuncio en compa\u00f1\u00eda del Director de Promoci\u00f3n y Formaci\u00f3n Cultural esta misma dependencia municipal, Alejandro Tovar Cort\u00e9s, el Director de estas dos puestas en escena, Juan Carlos Arvide Enr\u00edquez; los actores Estela Ba\u00f1os Vel\u00e1zquez, Fernando David, y Jes\u00fas Herrera, quien tambi\u00e9n funge como Director Asistente.<\/p>\n<p>Cabe recordar que el pasado martes seis de febrero se abri\u00f3 la convocatoria para que los ciudadanos interesados acudan a la Casona del Teatro, ubicada en la calle Aquiles Serd\u00e1n #35 del Centro Hist\u00f3rico, para poder realizar su prueba de ingreso a las puestas en escena. Dicha convocatoria seguir\u00e1 abierta desde las 17:00 horas, de lunes a s\u00e1bado.<\/p>\n<p>Hern\u00e1ndez Razo destac\u00f3 que esta actividad re\u00fane al Gobierno Municipal, la comunidad art\u00edsticas y la ciudadan\u00eda de Morelia, con el fin de fortalecer las tradiciones de la ciudad mediante espect\u00e1culos atractivos tanto para los habitantes de la Capital Michoacana como para los turistas y visitantes.<\/p>\n<p>Por su parte, el Director Juan Carlos Arvide invit\u00f3 a los morelianos a acercarse a este ejercicio art\u00edstico que ha dado notables resultados a la capital michoacana y cuenta ya con una historia de casi una d\u00e9cada de presentaciones.<\/p>\n<p>El Gerente del Patrimonio tambi\u00e9n adelant\u00f3 que el mi\u00e9rcoles 28 de marzo a las 18:00 horas se realizar\u00e1 la proyecci\u00f3n de una pel\u00edcula alusiva Semana Santa, cuya entrada ser\u00e1 libre y con permanencia voluntaria; el jueves \u00a029 a las 20:00 horas se realizar\u00e1 la presentaci\u00f3n de la obra de teatro \u201cLa \u00faltima cena\u201d; y finalmente el viernes 30 a las 13:00 horas se realizar\u00e1 la representaci\u00f3n \u201cHe aqu\u00ed al hombre\u201d, todas en plaza Valladolid.<\/p>\n<p>Anunci\u00f3 como otras acciones a realizar en Semana Santa, la pr\u00f3xima colocaci\u00f3n de banderines alusivos a esta temporada en los balcones de inmuebles dentro del centro hist\u00f3rico, as\u00ed como la colocaci\u00f3n de banderines en farolas que abarcaran desde la Calzada Fray Antonio de San Miguel, la Avenida Madero, y las calles Allende, Valladolid, Vasco de Quiroga, hasta terminar en el templo Capuchinas, de acuerdo al recorrido de la Procesi\u00f3n del Silencio.<\/p>\n<p>De esta manera, la Administraci\u00f3n Municipal promueve la colaboraci\u00f3n entre el Gobierno y los ciudadanos, con el fin de seguir llevando a cabo los espect\u00e1culos culturales que ya son una tradici\u00f3n disfrutada tanto por los turistas como por los morelianos.<\/p>\n<\/div>\n","protected":false},"excerpt":{"rendered":"<p>Se invita a la ciudadan\u00eda \u00a0a participar en las dos puestas en escena \u00a0\u201cLa \u00faltima cena\u201d y \u201cHe aqu\u00ed al hombre\u201d, que se llevar\u00e1n a cabo en la Plaza Valladolid. 28, 29 y 30 de marzo, las primeras fechas para disfrutar de esta agenda de Semana Santa. Con el fin de ofrecer a los turistas [&hellip;]<\/p>\n","protected":false},"author":2,"featured_media":50164,"comment_status":"closed","ping_status":"closed","sticky":false,"template":"","format":"standard","meta":{"footnotes":""},"categories":[14,60,9],"tags":[],"class_list":["post-50163","post","type-post","status-publish","format-standard","has-post-thumbnail","hentry","category-destacadas","category-michoacan","category-morelia"],"_links":{"self":[{"href":"https:\/\/radiowebmx.com\/nota\/wp-json\/wp\/v2\/posts\/50163","targetHints":{"allow":["GET"]}}],"collection":[{"href":"https:\/\/radiowebmx.com\/nota\/wp-json\/wp\/v2\/posts"}],"about":[{"href":"https:\/\/radiowebmx.com\/nota\/wp-json\/wp\/v2\/types\/post"}],"author":[{"embeddable":true,"href":"https:\/\/radiowebmx.com\/nota\/wp-json\/wp\/v2\/users\/2"}],"replies":[{"embeddable":true,"href":"https:\/\/radiowebmx.com\/nota\/wp-json\/wp\/v2\/comments?post=50163"}],"version-history":[{"count":2,"href":"https:\/\/radiowebmx.com\/nota\/wp-json\/wp\/v2\/posts\/50163\/revisions"}],"predecessor-version":[{"id":50166,"href":"https:\/\/radiowebmx.com\/nota\/wp-json\/wp\/v2\/posts\/50163\/revisions\/50166"}],"wp:featuredmedia":[{"embeddable":true,"href":"https:\/\/radiowebmx.com\/nota\/wp-json\/wp\/v2\/media\/50164"}],"wp:attachment":[{"href":"https:\/\/radiowebmx.com\/nota\/wp-json\/wp\/v2\/media?parent=50163"}],"wp:term":[{"taxonomy":"category","embeddable":true,"href":"https:\/\/radiowebmx.com\/nota\/wp-json\/wp\/v2\/categories?post=50163"},{"taxonomy":"post_tag","embeddable":true,"href":"https:\/\/radiowebmx.com\/nota\/wp-json\/wp\/v2\/tags?post=50163"}],"curies":[{"name":"wp","href":"https:\/\/api.w.org\/{rel}","templated":true}]}}