{"id":50158,"date":"2018-02-07T14:54:25","date_gmt":"2018-02-07T20:54:25","guid":{"rendered":"https:\/\/radiowebmx.com\/nota\/?p=50158"},"modified":"2018-02-07T14:54:25","modified_gmt":"2018-02-07T20:54:25","slug":"poder-legislativo-ofrece-estimulos-para-la-capacitacion-de-sus-trabajadores","status":"publish","type":"post","link":"https:\/\/radiowebmx.com\/nota\/poder-legislativo-ofrece-estimulos-para-la-capacitacion-de-sus-trabajadores\/","title":{"rendered":"Poder Legislativo ofrece est\u00edmulos para la capacitaci\u00f3n de sus trabajadores"},"content":{"rendered":"<p><img loading=\"lazy\" decoding=\"async\" class=\"\" src=\"https:\/\/attachment.outlook.office.net\/owa\/ultrapolitica@hotmail.com\/service.svc\/s\/GetAttachmentThumbnail?id=AQMkADAwATYwMAItODMyNi00ODU0LTAwAi0wMAoARgAAA5HawHgQuq9DrqMPu%2BRLC5sHANRV7lYdW%2FpNtd2j%2BEW2swoAAAIBDAAAANRV7lYdW%2FpNtd2j%2BEW2swoAAh1TA6UAAAABEgAQAJTj3pSSNjdJvPU5tZWDSww%3D&amp;thumbnailType=2&amp;X-OWA-CANARY=n8P74TiwqUqXXZHhprVRfBCCSLtsbtUYSEVStF5-xxsRXRkdR_VdAyj76mAgu-J_f-Qcg4kNaDc.&amp;token=eyJ0eXAiOiJKV1QiLCJhbGciOiJSUzI1NiIsIng1dCI6ImVuaDlCSnJWUFU1aWpWMXFqWmpWLWZMMmJjbyJ9.eyJ2ZXIiOiJFeGNoYW5nZS5DYWxsYmFjay5WMSIsImFwcGN0eHNlbmRlciI6Ik93YURvd25sb2FkQDg0ZGY5ZTdmLWU5ZjYtNDBhZi1iNDM1LWFhYWFhYWFhYWFhYSIsImFwcGN0eCI6IntcIm1zZXhjaHByb3RcIjpcIm93YVwiLFwicHJpbWFyeXNpZFwiOlwiUy0xLTI4MjctMzkzMjE2LTIyMDAzMjQxODBcIixcInB1aWRcIjpcIjE2ODg4NTIwNjA1ODgxMTZcIixcIm9pZFwiOlwiMDAwNjAwMDAtODMyNi00ODU0LTAwMDAtMDAwMDAwMDAwMDAwXCIsXCJzY29wZVwiOlwiT3dhRG93bmxvYWRcIn0iLCJpc3MiOiIwMDAwMDAwMi0wMDAwLTBmZjEtY2UwMC0wMDAwMDAwMDAwMDBAODRkZjllN2YtZTlmNi00MGFmLWI0MzUtYWFhYWFhYWFhYWFhIiwiYXVkIjoiMDAwMDAwMDItMDAwMC0wZmYxLWNlMDAtMDAwMDAwMDAwMDAwL2F0dGFjaG1lbnQub3V0bG9vay5vZmZpY2UubmV0QDg0ZGY5ZTdmLWU5ZjYtNDBhZi1iNDM1LWFhYWFhYWFhYWFhYSIsImV4cCI6MTUxODAzNzMwNywibmJmIjoxNTE4MDM2NzA3fQ.8fBj7WdqxOBTfjG7YhyH1wkY6eTO8xU_xs2CmyDMcqei1Zzg0_lD0j3cKRzAfzlIO-B5QkNw7RiSRdlWtriDRrugbKj0Uh8EwiATcviJZkW1Pu3VwGqoUDnjDTkenBwfh2Eu-QvrnFyheJ5Qo5_R6e0fMSBe7U9AppOeHnuop3lzCNKH-LsiSe_wZt_kNBpSOzkKCf3IgQH0Dl8ZPAUoWqh1Pynw5Fwye271D5ZsCNitZ349qWdJtXpyxzlvK4oAHwrhX2YzRoZw_N6u1S9kCIYngZihFRVoh_RNk5NhOr0AskAXMilUMa7h-R7rdiULXSmTBYOzAzSiPFbAoWrvSg&amp;owa=outlook.live.com&amp;isc=1\" width=\"401\" height=\"267\" \/><\/p>\n<p>&nbsp;<\/p>\n<p class=\"x_MsoNormal\"><b>Morelia; Michoac\u00e1n, 7 de febrero de 2018<\/b>.- Con el prop\u00f3sito de reconocer el desempe\u00f1o y esfuerzo de alumnos de diversos niveles educativos, el Congreso local entreg\u00f3 incentivos econ\u00f3micos a trabajadores, e hijos de trabajadores del Poder Legislativo.<\/p>\n<p class=\"x_MsoNormal\">En el acto de entrega estuvo presente la diputada presidente de la Junta de Coordinaci\u00f3n Pol\u00edtica, Adriana Hern\u00e1ndez \u00cd\u00f1iguez, el Secretario General del Sindicato de Trabajadores del Poder Legislativo, STASPLE Rogelio Andrade Vargas, as\u00ed como representantes del gremio sindical y funcionarios del Congreso.<\/p>\n<p class=\"x_MsoNormal\">Al respecto, la diputada Adriana Hern\u00e1ndez, indic\u00f3 que el premio a la excelencia y las becas acad\u00e9micas, son un est\u00edmulo para que los ni\u00f1os y j\u00f3venes, mantengan un buen aprovechamiento de sus estudios.<\/p>\n<p class=\"x_MsoNormal\">Los felicito e invit\u00f3 a que contin\u00faen esforz\u00e1ndose para que sus padres tengan la seguridad de que ustedes en su futuro, tendr\u00e1n muy buenas oportunidades.<\/p>\n<p class=\"x_MsoNormal\">Asimismo, la legisladora destac\u00f3 la importancia de brindar apoyos e incentivar a los trabajadores para que contin\u00faen su preparaci\u00f3n profesional y cuenten con mejores herramientas para brindar un buen servicio a la ciudadan\u00eda.<\/p>\n<p class=\"x_MsoNormal\">Finalmente los resultados que damos en el Congreso son parte del trabajo en equipo, nosotros damos la cara pero los resultados que ofrecemos son la suma del esfuerzo de todos, subray\u00f3.<\/p>\n<p class=\"x_MsoNormal\">Por su parte, el Secretario General del STASPLE, Rogelio Andrade Vargas indic\u00f3 que se trata de un est\u00edmulo adicional al que se otorga mensualmente a todos los hijos del personal sindicalizado que cursan su instrucci\u00f3n b\u00e1sica y que obtuvieron un promedio m\u00ednimo de 9 y 10, mismo que se encuentra establecido dentro del Contrato Colectivo de Trabajo.<\/p>\n<p class=\"x_MsoNormal\">Asimismo, inform\u00f3 que el STASPLE propondr\u00e1 a las autoridades que se entregue el 100 % del premio de excelencia acad\u00e9mica a los trabajadores que en sus estudios mantengan el promedio referido, ya que actualmente reciben el 50 % del est\u00edmulo que se brinda a los hijos de los trabajadores,\u00a0\u00a0por lo que exhort\u00f3 a los agremiados a poner todo su esfuerzo para mantener, o en su caso, alcanzar este apoyo que el Poder Legislativo otorga para fomentar la preparaci\u00f3n de sus trabajadores.<\/p>\n<p class=\"x_MsoNormal\">En este contexto, reiter\u00f3 su compromiso para trabajar con esta representaci\u00f3n gremial y apoyar a los trabajadores para alcanzar acuerdos que resulten de beneficio tanto para la Instituci\u00f3n como para sus empleados.<\/p>\n<p class=\"x_MsoNormal\">Cabe mencionar que se entregaron 128 est\u00edmulos a alumnos con promedios de excelencia, de las cuales 48 corresponden a alumnos de primaria, 17 de secundaria, 13 de preparatoria, 33 de licenciatura y 18 fueron otorgadas a trabajadores que se encuentran cursando estudios de nivel medio superior y superior.<\/p>\n","protected":false},"excerpt":{"rendered":"<p>&nbsp; Morelia; Michoac\u00e1n, 7 de febrero de 2018.- Con el prop\u00f3sito de reconocer el desempe\u00f1o y esfuerzo de alumnos de diversos niveles educativos, el Congreso local entreg\u00f3 incentivos econ\u00f3micos a trabajadores, e hijos de trabajadores del Poder Legislativo. En el acto de entrega estuvo presente la diputada presidente de la Junta de Coordinaci\u00f3n Pol\u00edtica, Adriana [&hellip;]<\/p>\n","protected":false},"author":2,"featured_media":50159,"comment_status":"closed","ping_status":"closed","sticky":false,"template":"","format":"standard","meta":{"footnotes":""},"categories":[6,14],"tags":[],"class_list":["post-50158","post","type-post","status-publish","format-standard","has-post-thumbnail","hentry","category-congreso-del-estado","category-destacadas"],"_links":{"self":[{"href":"https:\/\/radiowebmx.com\/nota\/wp-json\/wp\/v2\/posts\/50158","targetHints":{"allow":["GET"]}}],"collection":[{"href":"https:\/\/radiowebmx.com\/nota\/wp-json\/wp\/v2\/posts"}],"about":[{"href":"https:\/\/radiowebmx.com\/nota\/wp-json\/wp\/v2\/types\/post"}],"author":[{"embeddable":true,"href":"https:\/\/radiowebmx.com\/nota\/wp-json\/wp\/v2\/users\/2"}],"replies":[{"embeddable":true,"href":"https:\/\/radiowebmx.com\/nota\/wp-json\/wp\/v2\/comments?post=50158"}],"version-history":[{"count":1,"href":"https:\/\/radiowebmx.com\/nota\/wp-json\/wp\/v2\/posts\/50158\/revisions"}],"predecessor-version":[{"id":50160,"href":"https:\/\/radiowebmx.com\/nota\/wp-json\/wp\/v2\/posts\/50158\/revisions\/50160"}],"wp:featuredmedia":[{"embeddable":true,"href":"https:\/\/radiowebmx.com\/nota\/wp-json\/wp\/v2\/media\/50159"}],"wp:attachment":[{"href":"https:\/\/radiowebmx.com\/nota\/wp-json\/wp\/v2\/media?parent=50158"}],"wp:term":[{"taxonomy":"category","embeddable":true,"href":"https:\/\/radiowebmx.com\/nota\/wp-json\/wp\/v2\/categories?post=50158"},{"taxonomy":"post_tag","embeddable":true,"href":"https:\/\/radiowebmx.com\/nota\/wp-json\/wp\/v2\/tags?post=50158"}],"curies":[{"name":"wp","href":"https:\/\/api.w.org\/{rel}","templated":true}]}}