{"id":50154,"date":"2018-02-06T14:22:27","date_gmt":"2018-02-06T20:22:27","guid":{"rendered":"https:\/\/radiowebmx.com\/nota\/?p=50154"},"modified":"2018-02-07T14:22:21","modified_gmt":"2018-02-07T20:22:21","slug":"reconoce-see-a-estudiante-del-cbtis-149-ganador-en-expo-ciencias-nacional","status":"publish","type":"post","link":"https:\/\/radiowebmx.com\/nota\/reconoce-see-a-estudiante-del-cbtis-149-ganador-en-expo-ciencias-nacional\/","title":{"rendered":"Reconoce SEE a estudiante del CBTI\u2019s 149, ganador en Expo Ciencias Nacional"},"content":{"rendered":"<p><img loading=\"lazy\" decoding=\"async\" class=\"\" src=\"https:\/\/gallery.mailchimp.com\/b23dca9991ba7891cd416f9c4\/images\/f9ac6832-a3d3-4fd0-be0d-39442c5b02c0.jpg\" width=\"400\" height=\"267\" \/><\/p>\n<ul>\n<li><strong>Iv\u00e1n Alejandro L\u00f3pez Carranza obtuvo la acreditaci\u00f3n para representar a Michoac\u00e1n y M\u00e9xico en el Internacional Expo Ciencias Asia en Corea del Sur.<\/strong><\/li>\n<\/ul>\n<p><strong>Morelia, Michoac\u00e1n; 06 de febrero de 2018.-<\/strong>\u00a0A fin de continuar impulsando a las y los j\u00f3venes con talento y potencial para la ciencia y la tecnolog\u00eda, el Gobierno de Estado, a trav\u00e9s de la Secretar\u00eda de Educaci\u00f3n, entreg\u00f3 un reconocimiento y apoyo econ\u00f3mico a Iv\u00e1n Alejandro L\u00f3pez Carranza, por ser ganador en el foro de Expo Ciencias Nacional y obtener la acreditaci\u00f3n para representar a Michoac\u00e1n y M\u00e9xico en el internacional Expo Ciencias Asia 2018, en Corea del Sur, con su proyecto &#8220;Geo localizador&#8221;.<\/p>\n<p>Iv\u00e1n Alejandro, es alumno del Centro de Bachillerato Tecnol\u00f3gico Industrial y de Servicios 149 (CBTis), cursa el 6\u00ba semestre de la especialidad de Mecatr\u00f3nica en el turno vespertino y desarroll\u00f3 una aplicaci\u00f3n de software antisecuestro, que permitir\u00e1 prevenir y combatir la problem\u00e1tica de la privaci\u00f3n de las personas en su libertad.<\/p>\n<p>Al presidir el evento, Alberto Frutis Sol\u00eds, secretario de Educaci\u00f3n, quien asisti\u00f3 en representaci\u00f3n del Gobernador del Estado, Silvano Aureoles Conejo, escuch\u00f3 de viva voz del destacado estudiante el camino y trabajo que tuvo que realizar para lograr su acreditaci\u00f3n al internacional de ciencias, y lo felicit\u00f3 por abrirse paso al \u00e9xito acad\u00e9mico con esfuerzo, dedicaci\u00f3n, perseverancia y apoyo de sus padres, familiares y profesores.<\/p>\n<p>Se\u00f1al\u00f3 que Iv\u00e1n Alejandro es un ejemplo a seguir para sus compa\u00f1eras, compa\u00f1eros y las futuras\u00a0generaciones, ya que su dedicaci\u00f3n es muestra de que\u00a0el esfuerzo da grandes frutos y satisfacciones, y resalt\u00f3 que en Michoac\u00e1n existen oportunidades para que m\u00e1s j\u00f3venes se desarrollen de manera integral y construyan su futuro.<\/p>\n<p>En este tenor, el encargado de la pol\u00edtica educativa ofreci\u00f3 al ganador apoyo econ\u00f3mico para cumplir con la encomienda en el internacional Expo Ciencias Asia 2018 en Corea del Sur, y lo invit\u00f3 a continuar trabajando para cumplir sus metas y sue\u00f1os, y a motivar a sus compa\u00f1eras y compa\u00f1eros para encontrar en la escuela y sus maestros, las oportunidades de conocimiento, crecimiento y proyecci\u00f3n en sus \u00e1reas de estudio.<\/p>\n<p>Finalmente, exhort\u00f3 a las y los docentes a\u00a0 inspirar a las nuevas generaciones para que sigan estudiando, innovando e investigando por el bien del estado y del pa\u00eds, as\u00ed como a seguir el ejemplo del asesor Ra\u00fal Armando D\u00edaz Mart\u00ednez, quien estuvo guiando y acompa\u00f1ando durante todo el proceso a este joven talento.<\/p>\n","protected":false},"excerpt":{"rendered":"<p>Iv\u00e1n Alejandro L\u00f3pez Carranza obtuvo la acreditaci\u00f3n para representar a Michoac\u00e1n y M\u00e9xico en el Internacional Expo Ciencias Asia en Corea del Sur. Morelia, Michoac\u00e1n; 06 de febrero de 2018.-\u00a0A fin de continuar impulsando a las y los j\u00f3venes con talento y potencial para la ciencia y la tecnolog\u00eda, el Gobierno de Estado, a trav\u00e9s [&hellip;]<\/p>\n","protected":false},"author":2,"featured_media":50155,"comment_status":"closed","ping_status":"closed","sticky":false,"template":"","format":"standard","meta":{"footnotes":""},"categories":[14,3,60],"tags":[],"class_list":["post-50154","post","type-post","status-publish","format-standard","has-post-thumbnail","hentry","category-destacadas","category-gobierno-del-estado-de-michoacan","category-michoacan"],"_links":{"self":[{"href":"https:\/\/radiowebmx.com\/nota\/wp-json\/wp\/v2\/posts\/50154","targetHints":{"allow":["GET"]}}],"collection":[{"href":"https:\/\/radiowebmx.com\/nota\/wp-json\/wp\/v2\/posts"}],"about":[{"href":"https:\/\/radiowebmx.com\/nota\/wp-json\/wp\/v2\/types\/post"}],"author":[{"embeddable":true,"href":"https:\/\/radiowebmx.com\/nota\/wp-json\/wp\/v2\/users\/2"}],"replies":[{"embeddable":true,"href":"https:\/\/radiowebmx.com\/nota\/wp-json\/wp\/v2\/comments?post=50154"}],"version-history":[{"count":1,"href":"https:\/\/radiowebmx.com\/nota\/wp-json\/wp\/v2\/posts\/50154\/revisions"}],"predecessor-version":[{"id":50156,"href":"https:\/\/radiowebmx.com\/nota\/wp-json\/wp\/v2\/posts\/50154\/revisions\/50156"}],"wp:featuredmedia":[{"embeddable":true,"href":"https:\/\/radiowebmx.com\/nota\/wp-json\/wp\/v2\/media\/50155"}],"wp:attachment":[{"href":"https:\/\/radiowebmx.com\/nota\/wp-json\/wp\/v2\/media?parent=50154"}],"wp:term":[{"taxonomy":"category","embeddable":true,"href":"https:\/\/radiowebmx.com\/nota\/wp-json\/wp\/v2\/categories?post=50154"},{"taxonomy":"post_tag","embeddable":true,"href":"https:\/\/radiowebmx.com\/nota\/wp-json\/wp\/v2\/tags?post=50154"}],"curies":[{"name":"wp","href":"https:\/\/api.w.org\/{rel}","templated":true}]}}