{"id":50151,"date":"2018-02-07T14:09:45","date_gmt":"2018-02-07T20:09:45","guid":{"rendered":"https:\/\/radiowebmx.com\/nota\/?p=50151"},"modified":"2018-02-07T14:09:45","modified_gmt":"2018-02-07T20:09:45","slug":"en-la-casa-natal-de-morelos-la-expo-el-sentido","status":"publish","type":"post","link":"https:\/\/radiowebmx.com\/nota\/en-la-casa-natal-de-morelos-la-expo-el-sentido\/","title":{"rendered":"En la Casa Natal de Morelos, la expo &#8220;El Sentido&#8221;"},"content":{"rendered":"<p><img loading=\"lazy\" decoding=\"async\" class=\"\" src=\"https:\/\/gallery.mailchimp.com\/a4abfaea79b3e35e586fbb060\/images\/c32f2403-7035-40d0-89b6-bbc4e7506ad3.jpg\" width=\"401\" height=\"267\" \/><\/p>\n<ul dir=\"auto\">\n<li><strong>Las creaciones del artista Arturo P\u00e9rez Morelos, quien expone por primera vez en la capital michoacana, en el patio principal del recinto hasta el 17 de febrero.<\/strong><\/li>\n<\/ul>\n<div dir=\"auto\"><\/div>\n<div dir=\"auto\">\n<div dir=\"auto\"><strong>Morelia, Michoac\u00e1n, a 7 de febrero de 2018.-<\/strong>\u00a0Hay quienes gustan de pintar para expresarse, y hay quienes como Arturo P\u00e9rez Morelos, disfrutan el solo hecho de hacerlo y sentirlo, y es precisamente eso lo que el artista plasma en \u201cEl sentido\u201d, nombre de la exposici\u00f3n que se encontrar\u00e1 en el Museo Casa Natal de Morelos hasta el pr\u00f3ximo 17 de febrero.<\/div>\n<div dir=\"auto\">En entrevista P\u00e9rez Morelos, expres\u00f3 que \u00e9sta es su primera exposici\u00f3n en Morelia, hecho que toma mayor significado al efectuarse en el citado espacio perteneciente a la Secretar\u00eda de Cultura de Michoac\u00e1n (Secum).<\/div>\n<div dir=\"auto\">Con 56 a\u00f1os de vida, P\u00e9rez Morelos record\u00f3 que fue a la edad de 20 a\u00f1os cuando comenz\u00f3 a tomar clases de pintura en la Casa de la Cultura de Morelia bajo la gu\u00eda de su maestro Gilberto Ram\u00edrez; gusto que dej\u00f3 por espacio de 30 a\u00f1os al ingresar a laborar al Sistema Michoacano de Radio y Televisi\u00f3n, donde desempe\u00f1\u00f3 diferentes cargos, entre ellos el de camar\u00f3grafo y reportero.<\/div>\n<div dir=\"auto\">Fue hace cinco a\u00f1os que decidi\u00f3 retomar su pasi\u00f3n por la pintura y proseguir sus estudios en la Casa de la Cultura de Morelia con diferentes maestros, entre ellos Rafael Flores, y en clases particulares con Jaime R\u00e1bago Vall\u00edn.<\/div>\n<div dir=\"auto\">Sobre las 22 pinturas que integran \u201cEl Sentido\u201d, P\u00e9rez Morelos explic\u00f3 que algunas obras datan de cuando reinici\u00f3 su afici\u00f3n por la pintura en 2012, aunque algunos de sus lienzos fueron creados en 2017 y lo que va de 2018.<\/div>\n<div dir=\"auto\">La t\u00e9cnica empleada en las obras es \u00f3leo, la cual dijo, es la que m\u00e1s le agrada para recrear paisajes, bodegones y desnudos, con un estilo impresionista, para dejar a un lado el detalle y basarse en la pincelada libre y el color puro de las formas.<\/div>\n<div dir=\"auto\">Tambi\u00e9n expres\u00f3 que su primera exposici\u00f3n tuvo lugar en el Centro Cultural Antiguo Colegio Jesuita, en P\u00e1tzcuaro, en octubre de 2016.<\/div>\n<div dir=\"auto\">Arturo P\u00e9rez Morelos se\u00f1al\u00f3 que m\u00e1s que un medio para transmitir alg\u00fan mensaje, la pintura se ha convertido en una forma de terapia.<\/div>\n<div dir=\"auto\">&#8220;He aprendido a fluir con la vida, y conforme se van dando las cosas as\u00ed las vivo\u201d, expres\u00f3.<\/div>\n<div dir=\"auto\"><\/div>\n<\/div>\n<div dir=\"auto\"><img loading=\"lazy\" decoding=\"async\" class=\"\" src=\"https:\/\/gallery.mailchimp.com\/a4abfaea79b3e35e586fbb060\/images\/b0846fbd-6711-4020-a7f3-1ddec68090e8.jpg\" width=\"399\" height=\"266\" \/><\/div>\n","protected":false},"excerpt":{"rendered":"<p>Las creaciones del artista Arturo P\u00e9rez Morelos, quien expone por primera vez en la capital michoacana, en el patio principal del recinto hasta el 17 de febrero. Morelia, Michoac\u00e1n, a 7 de febrero de 2018.-\u00a0Hay quienes gustan de pintar para expresarse, y hay quienes como Arturo P\u00e9rez Morelos, disfrutan el solo hecho de hacerlo y [&hellip;]<\/p>\n","protected":false},"author":2,"featured_media":50152,"comment_status":"closed","ping_status":"closed","sticky":false,"template":"","format":"standard","meta":{"footnotes":""},"categories":[14,3,60],"tags":[],"class_list":["post-50151","post","type-post","status-publish","format-standard","has-post-thumbnail","hentry","category-destacadas","category-gobierno-del-estado-de-michoacan","category-michoacan"],"_links":{"self":[{"href":"https:\/\/radiowebmx.com\/nota\/wp-json\/wp\/v2\/posts\/50151","targetHints":{"allow":["GET"]}}],"collection":[{"href":"https:\/\/radiowebmx.com\/nota\/wp-json\/wp\/v2\/posts"}],"about":[{"href":"https:\/\/radiowebmx.com\/nota\/wp-json\/wp\/v2\/types\/post"}],"author":[{"embeddable":true,"href":"https:\/\/radiowebmx.com\/nota\/wp-json\/wp\/v2\/users\/2"}],"replies":[{"embeddable":true,"href":"https:\/\/radiowebmx.com\/nota\/wp-json\/wp\/v2\/comments?post=50151"}],"version-history":[{"count":1,"href":"https:\/\/radiowebmx.com\/nota\/wp-json\/wp\/v2\/posts\/50151\/revisions"}],"predecessor-version":[{"id":50153,"href":"https:\/\/radiowebmx.com\/nota\/wp-json\/wp\/v2\/posts\/50151\/revisions\/50153"}],"wp:featuredmedia":[{"embeddable":true,"href":"https:\/\/radiowebmx.com\/nota\/wp-json\/wp\/v2\/media\/50152"}],"wp:attachment":[{"href":"https:\/\/radiowebmx.com\/nota\/wp-json\/wp\/v2\/media?parent=50151"}],"wp:term":[{"taxonomy":"category","embeddable":true,"href":"https:\/\/radiowebmx.com\/nota\/wp-json\/wp\/v2\/categories?post=50151"},{"taxonomy":"post_tag","embeddable":true,"href":"https:\/\/radiowebmx.com\/nota\/wp-json\/wp\/v2\/tags?post=50151"}],"curies":[{"name":"wp","href":"https:\/\/api.w.org\/{rel}","templated":true}]}}