{"id":50143,"date":"2018-02-06T19:35:24","date_gmt":"2018-02-07T01:35:24","guid":{"rendered":"https:\/\/radiowebmx.com\/nota\/?p=50143"},"modified":"2018-02-07T11:39:36","modified_gmt":"2018-02-07T17:39:36","slug":"propone-gobernador-programa-integral-de-modernizacion-del-transporte-publico","status":"publish","type":"post","link":"https:\/\/radiowebmx.com\/nota\/propone-gobernador-programa-integral-de-modernizacion-del-transporte-publico\/","title":{"rendered":"Propone Gobernador programa integral de modernizaci\u00f3n del transporte p\u00fablico"},"content":{"rendered":"<p><img loading=\"lazy\" decoding=\"async\" class=\"\" src=\"http:\/\/michoacan.gob.mx\/wp-content\/uploads\/2018\/02\/7da2177d-2645-4cee-b3f4-a32430d75286.jpg\" width=\"400\" height=\"266\" \/><\/p>\n<ul>\n<li><strong>El mandatario Silvano Aureoles se re\u00fane con l\u00edderes de las diferentes rutas de servicio colectivo, de quienes escucha sus propuestas y establece construir alternativas conjuntas.<\/strong><\/li>\n<\/ul>\n<p><strong>Morelia, Michoac\u00e1n, a 6 de febrero de 2018.-<\/strong>\u00a0Para que est\u00e9n en posibilidades de ofrecer un servicio de calidad, preservar el medio ambiente y ser competitivos, el Gobernador Constitucional Silvano Aureoles Conejo ofreci\u00f3 al gremio transportista construir de manera conjunta un programa integral de modernizaci\u00f3n del transporte p\u00fablico.<\/p>\n<p>Al reunirse con l\u00edderes representantes de las diversas organizaciones y rutas del estado, el mandatario michoacano estableci\u00f3 su compromiso de buscar a la brevedad posible un programa de cr\u00e9ditos accesibles para que puedan modernizar el parque vehicular, as\u00ed como esquema de proyectos productivos que generen un c\u00edrculo virtuoso en favor de las familias que dependen de esta actividad productiva.<\/p>\n<p>En compa\u00f1\u00eda de los secretarios de Gobierno, Adri\u00e1n L\u00f3pez Sol\u00eds y de Seguridad P\u00fablica, Juan Bernardo Corona Mart\u00ednez, as\u00ed como del coordinador general de la Comisi\u00f3n Coordinadora del Transporte P\u00fablico (Cocotra), Marco Antonio Lagunas V\u00e1zquez, el Gobernador escuch\u00f3 las inquietudes del gremio y sus propuestas para eficientar el servicio.<\/p>\n<p>Los transportistas reconocieron y agradecieron al titular del Ejecutivo Estatal por los apoyos que a la fecha ha dirigido al sector y que antes no hab\u00edan recibido, como los esquemas de vivienda y seguridad social.<\/p>\n<p>Asimismo, mostraron su disposici\u00f3n por renovar el parque vehicular y eficientar el servicio, para lo cual solicitaron de la gesti\u00f3n del Gobernador para que puedan acceder a mejores planes de financiamiento, lo cual el mandatario incluy\u00f3 dentro de su propuesta; \u201cpersonalmente voy a ver ese tema, para que puedan competir en calidad\u201d.<\/p>\n<p>Ambas partes coincidieron en que debe mantenerse mano firme para abatir el problema del pirataje en la entidad, lo cual ha sido posible con el trabajo conjunto de la SSP y Cocotra.<\/p>\n<p>En ese tenor, el responsable de la Cocotra, Marco Antonio Lagunas, inform\u00f3 que durante este gobierno han sido alrededor de mil 500 las unidades remitidas al corral\u00f3n por ofrecer el servicio de transporte p\u00fablico sin la concesi\u00f3n correspondiente, por lo que continuar\u00e1n las acciones para dar certeza tanto a usuarios como a prestadores del servicio.<\/p>\n<p>Participaron de esta reuni\u00f3n los representantes de la Comisi\u00f3n Reguladora del Transporte, Jos\u00e9 Trinidad Mart\u00ednez Pasalagua; de Radio Taxi Central Camionera, Arturo M\u00e9ndez Calder\u00f3n; de Ruta Guinda, Arturo Hern\u00e1ndez; de Ruta Roja 4, Eusebio Zir\u00f3ndaro; de Ruta Naranja, Pablo Salazar; de Ruta Roja 3, Reynalda Rangel Reguera; de Ruta Rosa, Jos\u00e9 Luis Gonz\u00e1lez, y de Ruta Roja 1 y 2, Miguel Mart\u00ednez; adem\u00e1s del secretario particular del Gobernador, Carlos Paredes Correa.<\/p>\n<p>&nbsp;<\/p>\n<p><img loading=\"lazy\" decoding=\"async\" class=\"\" src=\"http:\/\/michoacan.gob.mx\/wp-content\/uploads\/2018\/02\/9d72d07d-6ada-4f8a-b245-d8b74387de5b.jpg\" width=\"399\" height=\"250\" \/><\/p>\n","protected":false},"excerpt":{"rendered":"<p>El mandatario Silvano Aureoles se re\u00fane con l\u00edderes de las diferentes rutas de servicio colectivo, de quienes escucha sus propuestas y establece construir alternativas conjuntas. Morelia, Michoac\u00e1n, a 6 de febrero de 2018.-\u00a0Para que est\u00e9n en posibilidades de ofrecer un servicio de calidad, preservar el medio ambiente y ser competitivos, el Gobernador Constitucional Silvano Aureoles [&hellip;]<\/p>\n","protected":false},"author":2,"featured_media":50144,"comment_status":"closed","ping_status":"closed","sticky":false,"template":"","format":"standard","meta":{"footnotes":""},"categories":[14,3,60],"tags":[],"class_list":["post-50143","post","type-post","status-publish","format-standard","has-post-thumbnail","hentry","category-destacadas","category-gobierno-del-estado-de-michoacan","category-michoacan"],"_links":{"self":[{"href":"https:\/\/radiowebmx.com\/nota\/wp-json\/wp\/v2\/posts\/50143","targetHints":{"allow":["GET"]}}],"collection":[{"href":"https:\/\/radiowebmx.com\/nota\/wp-json\/wp\/v2\/posts"}],"about":[{"href":"https:\/\/radiowebmx.com\/nota\/wp-json\/wp\/v2\/types\/post"}],"author":[{"embeddable":true,"href":"https:\/\/radiowebmx.com\/nota\/wp-json\/wp\/v2\/users\/2"}],"replies":[{"embeddable":true,"href":"https:\/\/radiowebmx.com\/nota\/wp-json\/wp\/v2\/comments?post=50143"}],"version-history":[{"count":1,"href":"https:\/\/radiowebmx.com\/nota\/wp-json\/wp\/v2\/posts\/50143\/revisions"}],"predecessor-version":[{"id":50145,"href":"https:\/\/radiowebmx.com\/nota\/wp-json\/wp\/v2\/posts\/50143\/revisions\/50145"}],"wp:featuredmedia":[{"embeddable":true,"href":"https:\/\/radiowebmx.com\/nota\/wp-json\/wp\/v2\/media\/50144"}],"wp:attachment":[{"href":"https:\/\/radiowebmx.com\/nota\/wp-json\/wp\/v2\/media?parent=50143"}],"wp:term":[{"taxonomy":"category","embeddable":true,"href":"https:\/\/radiowebmx.com\/nota\/wp-json\/wp\/v2\/categories?post=50143"},{"taxonomy":"post_tag","embeddable":true,"href":"https:\/\/radiowebmx.com\/nota\/wp-json\/wp\/v2\/tags?post=50143"}],"curies":[{"name":"wp","href":"https:\/\/api.w.org\/{rel}","templated":true}]}}