{"id":50089,"date":"2018-02-04T17:40:37","date_gmt":"2018-02-04T23:40:37","guid":{"rendered":"https:\/\/radiowebmx.com\/nota\/?p=50089"},"modified":"2018-02-06T12:20:54","modified_gmt":"2018-02-06T18:20:54","slug":"con-mejor-calidad-de-vida-tendremos-tambien-seguridad-adriana-hernandez","status":"publish","type":"post","link":"https:\/\/radiowebmx.com\/nota\/con-mejor-calidad-de-vida-tendremos-tambien-seguridad-adriana-hernandez\/","title":{"rendered":"Con mejor calidad de vida, tendremos tambi\u00e9n seguridad: Adriana Hern\u00e1ndez"},"content":{"rendered":"<ul>\n<li class=\"x_gmail-MsoListParagraph\"><strong>\u00a0M\u00e1s all\u00e1 de colores y partidos se ha logrado trabajar de manera conjunta con el Ejecutivo y el Judicial para combatir la delincuencia<\/strong><\/li>\n<\/ul>\n<p class=\"x_MsoNormal\"><b>Morelia; Michoac\u00e1n,\u00a004 de febrero de 2018.-\u00a0\u00a0\u00a0<\/b>El respeto a los derechos humanos, una mejor calidad de vida de los ciudadanos y el fomento de la participaci\u00f3n ciudadana permitir\u00e1n combatir la inseguridad, afirm\u00f3 la diputada Adriana Hern\u00e1ndez \u00cd\u00f1iguez, presidente de la Junta de Coordinaci\u00f3n Pol\u00edtica en el Congreso del Estado.<\/p>\n<p class=\"x_MsoNormal\">\u201cPara nosotros la seguridad es un tema que nos preocupa a los michoacanos, no estamos en la mejor situaci\u00f3n actualmente y esto deriva en problemas de m\u00e1s de 10 a\u00f1os\u201d, afirm\u00f3 la tambi\u00e9n coordinadora del Grupo Parlamentario del PRI.<\/p>\n<p class=\"x_MsoNormal\">Hern\u00e1ndez \u00cd\u00f1iguez dijo que m\u00e1s all\u00e1 de colores y partidos se ha logrado trabajar de manera conjunta con el Ejecutivo y el Judicial para combatir la delincuencia, ya que, consider\u00f3 que la inseguridad no s\u00f3lo es un tema de armas patrullas y m\u00e1s polic\u00edas, sino que tambi\u00e9n tiene que ver la prevenci\u00f3n, una mayor cultura, deporte y m\u00e1s oportunidades.<\/p>\n<p class=\"x_MsoNormal\">La diputada por el distrito de La Piedad record\u00f3 la promulgaci\u00f3n de la Ley para la Cultura de la paz y Prevenci\u00f3n de la Violencia, que representa un apoyo institucional para recuperar el tejido social, dar armon\u00eda a la sociedad y fomentar la participaci\u00f3n ciudadana.<\/p>\n<p class=\"x_MsoNormal\">En materia de derechos humanos mencion\u00f3 que Michoac\u00e1n es de los pocos estados de la rep\u00fablica que est\u00e1 armonizado a nivel federal, aspecto que, tambi\u00e9n incluye el respeto de los derechos de las personas que se encuentran recluidas en alg\u00fan penal para garantizar educaci\u00f3n, salud, deporte y cultura y de esta forma lograr una verdadera reinclusi\u00f3n a la sociedad.<\/p>\n<p class=\"x_MsoNormal\">Finalmente, record\u00f3 que ella present\u00f3 una iniciativa sobre leg\u00edtima defensa, que actualmente se trabaja en comisiones y que forma parte del trabajo legislativo que en materia de seguridad hay en el congreso.<\/p>\n","protected":false},"excerpt":{"rendered":"<p>\u00a0M\u00e1s all\u00e1 de colores y partidos se ha logrado trabajar de manera conjunta con el Ejecutivo y el Judicial para combatir la delincuencia Morelia; Michoac\u00e1n,\u00a004 de febrero de 2018.-\u00a0\u00a0\u00a0El respeto a los derechos humanos, una mejor calidad de vida de los ciudadanos y el fomento de la participaci\u00f3n ciudadana permitir\u00e1n combatir la inseguridad, afirm\u00f3 la [&hellip;]<\/p>\n","protected":false},"author":2,"featured_media":50090,"comment_status":"closed","ping_status":"closed","sticky":false,"template":"","format":"standard","meta":{"footnotes":""},"categories":[6,14],"tags":[],"class_list":["post-50089","post","type-post","status-publish","format-standard","has-post-thumbnail","hentry","category-congreso-del-estado","category-destacadas"],"_links":{"self":[{"href":"https:\/\/radiowebmx.com\/nota\/wp-json\/wp\/v2\/posts\/50089","targetHints":{"allow":["GET"]}}],"collection":[{"href":"https:\/\/radiowebmx.com\/nota\/wp-json\/wp\/v2\/posts"}],"about":[{"href":"https:\/\/radiowebmx.com\/nota\/wp-json\/wp\/v2\/types\/post"}],"author":[{"embeddable":true,"href":"https:\/\/radiowebmx.com\/nota\/wp-json\/wp\/v2\/users\/2"}],"replies":[{"embeddable":true,"href":"https:\/\/radiowebmx.com\/nota\/wp-json\/wp\/v2\/comments?post=50089"}],"version-history":[{"count":1,"href":"https:\/\/radiowebmx.com\/nota\/wp-json\/wp\/v2\/posts\/50089\/revisions"}],"predecessor-version":[{"id":50091,"href":"https:\/\/radiowebmx.com\/nota\/wp-json\/wp\/v2\/posts\/50089\/revisions\/50091"}],"wp:featuredmedia":[{"embeddable":true,"href":"https:\/\/radiowebmx.com\/nota\/wp-json\/wp\/v2\/media\/50090"}],"wp:attachment":[{"href":"https:\/\/radiowebmx.com\/nota\/wp-json\/wp\/v2\/media?parent=50089"}],"wp:term":[{"taxonomy":"category","embeddable":true,"href":"https:\/\/radiowebmx.com\/nota\/wp-json\/wp\/v2\/categories?post=50089"},{"taxonomy":"post_tag","embeddable":true,"href":"https:\/\/radiowebmx.com\/nota\/wp-json\/wp\/v2\/tags?post=50089"}],"curies":[{"name":"wp","href":"https:\/\/api.w.org\/{rel}","templated":true}]}}