{"id":50074,"date":"2018-02-05T13:46:45","date_gmt":"2018-02-05T19:46:45","guid":{"rendered":"https:\/\/radiowebmx.com\/nota\/?p=50074"},"modified":"2018-02-06T11:48:55","modified_gmt":"2018-02-06T17:48:55","slug":"ayuntamiento-de-morelia-conmemora-el-aniversario-de-la-promulgacion-de-la-constitucion-politica-de-1857-y-1917","status":"publish","type":"post","link":"https:\/\/radiowebmx.com\/nota\/ayuntamiento-de-morelia-conmemora-el-aniversario-de-la-promulgacion-de-la-constitucion-politica-de-1857-y-1917\/","title":{"rendered":"Ayuntamiento de Morelia conmemora el \u201cAniversario de la Promulgaci\u00f3n de la Constituci\u00f3n Pol\u00edtica de 1857 y 1917\u201d"},"content":{"rendered":"<p><img loading=\"lazy\" decoding=\"async\" class=\"\" src=\"https:\/\/gallery.mailchimp.com\/4006ac058ed166735585eb757\/images\/92b22e9a-28eb-45fa-95c3-5f7f4583f628.jpeg\" width=\"400\" height=\"266\" \/><\/p>\n<ul>\n<li><strong>Se hizo un llamado a defender y mejorar la Constituci\u00f3n Pol\u00edtica de los Estados Unidos Mexicanos.<\/strong><\/li>\n<li><strong>El Secretario de Desarrollo Humano y Bienestar Social de Morelia, Guillermo Mar\u00edn Ch\u00e1vez fue el orador oficial.<\/strong><\/li>\n<\/ul>\n<div>Con un llamado a defender y mejorar la Carta Magna de M\u00e9xico, el Ayuntamiento de Morelia, encabezado por el Alcalde Alfonso Mart\u00ednez Alc\u00e1zar, llev\u00f3 a cabo la ceremonia c\u00edvica del \u201cAniversario de la Promulgaci\u00f3n de la Constituci\u00f3n Pol\u00edtica de 1857 y 1917\u201d.<\/p>\n<p>En el acto c\u00edvico llevado a cabo en la Plaza Valladolid de Morelia, el Alcalde fue acompa\u00f1ado por el Subsecretario de Gobernaci\u00f3n, Armando Hurtado Ar\u00e9valo;\u00a0 el Comandante de la 21\/a Zona Militar, Gerardo M\u00e9rida S\u00e1nchez; la Presidenta de la Mesa Directiva del Congreso del Estado, Nalleli Pedraza Julieta Huerta; el representante del Rector de la Universidad Michoacana de San Nicol\u00e1s de Hidalgo (UMSNH), Ricardo Miguel P\u00e9rez Murgu\u00eda; el S\u00edndico Municipal, Fabio Sistos Rangel; el Secretario del Ayuntamiento, Jes\u00fas \u00c1valos Plata; el representante de la Polic\u00eda Federal, Felipe Rasc\u00f3n.<\/p>\n<p>Tambi\u00e9n asistieron los Regidores Alma Bahena Villalobos, Adela Alejandre Flores, Mar\u00eda Elisa Garrido P\u00e9rez, F\u00e9lix Madrigal Pulido y\u00a0 Salvador Arvizu Cisneros; as\u00ed como el Secretario de Desarrollo Metropolitano e Infraestructura, Juan Fernando Sosa Tapia; la Secretaria de Desarrollo Econ\u00f3mico y Emprendedor, Ireri Rivera Garc\u00eda; los Directores del Colegio de Morelia, Alejandro Amante Urbina, del IJUM, Juan Pablo Motilla Zarur, y de Enlace y Gesti\u00f3n Ciudadana, Jos\u00e9 Ruiz Magall\u00f3n.<\/p>\n<p>El Secretario de Desarrollo Humano y Bienestar Social de Morelia y orador oficial de la ceremonia, Guillermo Mar\u00edn Ch\u00e1vez, extendi\u00f3 una invitaci\u00f3n a las distintos \u00f3rdenes de Gobierno a\u00a0 refrendar el respeto a las leyes que actualmente rigen el pa\u00eds, de modo que \u00e9stas se apliquen sin distingo alguno en castigo de quienes las infrinjan, con el objetivo de dar armon\u00eda jur\u00eddica y estabilidad a la naci\u00f3n.<\/p>\n<p>\u201cLa Constituci\u00f3n Pol\u00edtica de la Rep\u00fablica Mexicana de 1857 fue una Constituci\u00f3n de ideolog\u00eda liberal, redactada por el autor del Congreso Constituyente de 1857 durante la Presidencia de Ignacio Comonfort, fue jurada un d\u00eda como hoy, pero de 1857\u201d, record\u00f3 el orador.<\/p>\n<p>El Secretario se pronunci\u00f3 para que la actual Administraci\u00f3n Municipal siga trabajando de manera ardua para contribuir en el establecimiento de un M\u00e9xico con leyes y armon\u00eda, en el que prevalezca el di\u00e1logo y se hagan valer los derechos como mexicanos.<\/p>\n<p>Cabe destacar que en la Promulgaci\u00f3n de la Constituci\u00f3n Pol\u00edtica de 1857 se establece la libertad de expresi\u00f3n y la libertad de asamblea. En tanto que en la Carta Magna de 1917\u00a0 se publicaron reformas que dotaron a los mexicanos del reconocimiento de los derechos laborales as\u00ed como el acceso a una educaci\u00f3n laica, gratuita y obligatoria.<\/p>\n<p>Con la realizaci\u00f3n de este acto, el Ayuntamiento de Morelia refrend\u00f3 su respeto a la Constituci\u00f3n y al trabajo arduo, desde el \u00e1mbito de las competencias de cada autoridad, para defender la Carta Magna, que procura la armon\u00eda en favor de la sociedad.<\/p><\/div>\n<div><\/div>\n<div><img loading=\"lazy\" decoding=\"async\" class=\"\" src=\"https:\/\/gallery.mailchimp.com\/4006ac058ed166735585eb757\/images\/56eb0fcd-935c-41f9-aba2-b3251bdcbca0.jpeg\" width=\"400\" height=\"266\" \/><\/div>\n","protected":false},"excerpt":{"rendered":"<p>Se hizo un llamado a defender y mejorar la Constituci\u00f3n Pol\u00edtica de los Estados Unidos Mexicanos. El Secretario de Desarrollo Humano y Bienestar Social de Morelia, Guillermo Mar\u00edn Ch\u00e1vez fue el orador oficial. Con un llamado a defender y mejorar la Carta Magna de M\u00e9xico, el Ayuntamiento de Morelia, encabezado por el Alcalde Alfonso Mart\u00ednez [&hellip;]<\/p>\n","protected":false},"author":2,"featured_media":50075,"comment_status":"closed","ping_status":"closed","sticky":false,"template":"","format":"standard","meta":{"footnotes":""},"categories":[14,60,9],"tags":[],"class_list":["post-50074","post","type-post","status-publish","format-standard","has-post-thumbnail","hentry","category-destacadas","category-michoacan","category-morelia"],"_links":{"self":[{"href":"https:\/\/radiowebmx.com\/nota\/wp-json\/wp\/v2\/posts\/50074","targetHints":{"allow":["GET"]}}],"collection":[{"href":"https:\/\/radiowebmx.com\/nota\/wp-json\/wp\/v2\/posts"}],"about":[{"href":"https:\/\/radiowebmx.com\/nota\/wp-json\/wp\/v2\/types\/post"}],"author":[{"embeddable":true,"href":"https:\/\/radiowebmx.com\/nota\/wp-json\/wp\/v2\/users\/2"}],"replies":[{"embeddable":true,"href":"https:\/\/radiowebmx.com\/nota\/wp-json\/wp\/v2\/comments?post=50074"}],"version-history":[{"count":1,"href":"https:\/\/radiowebmx.com\/nota\/wp-json\/wp\/v2\/posts\/50074\/revisions"}],"predecessor-version":[{"id":50076,"href":"https:\/\/radiowebmx.com\/nota\/wp-json\/wp\/v2\/posts\/50074\/revisions\/50076"}],"wp:featuredmedia":[{"embeddable":true,"href":"https:\/\/radiowebmx.com\/nota\/wp-json\/wp\/v2\/media\/50075"}],"wp:attachment":[{"href":"https:\/\/radiowebmx.com\/nota\/wp-json\/wp\/v2\/media?parent=50074"}],"wp:term":[{"taxonomy":"category","embeddable":true,"href":"https:\/\/radiowebmx.com\/nota\/wp-json\/wp\/v2\/categories?post=50074"},{"taxonomy":"post_tag","embeddable":true,"href":"https:\/\/radiowebmx.com\/nota\/wp-json\/wp\/v2\/tags?post=50074"}],"curies":[{"name":"wp","href":"https:\/\/api.w.org\/{rel}","templated":true}]}}