{"id":50056,"date":"2018-01-31T15:29:02","date_gmt":"2018-01-31T21:29:02","guid":{"rendered":"https:\/\/radiowebmx.com\/nota\/?p=50056"},"modified":"2018-02-02T12:14:08","modified_gmt":"2018-02-02T18:14:08","slug":"jose-guadalupe-aguilera-convoca-a-crear-frente-para-luchar-por-una-justa-distribucion-de-recursos-para-los-municipios","status":"publish","type":"post","link":"https:\/\/radiowebmx.com\/nota\/jose-guadalupe-aguilera-convoca-a-crear-frente-para-luchar-por-una-justa-distribucion-de-recursos-para-los-municipios\/","title":{"rendered":"Jos\u00e9 Guadalupe Aguilera convoca a crear frente para luchar por una justa distribuci\u00f3n de recursos para los municipios"},"content":{"rendered":"<p><img loading=\"lazy\" decoding=\"async\" class=\"\" src=\"https:\/\/attachment.outlook.office.net\/owa\/ultrapolitica@hotmail.com\/service.svc\/s\/GetAttachmentThumbnail?id=AQMkADAwATYwMAItODMyNi00ODU0LTAwAi0wMAoARgAAA5HawHgQuq9DrqMPu%2BRLC5sHANRV7lYdW%2FpNtd2j%2BEW2swoAAAIBDAAAANRV7lYdW%2FpNtd2j%2BEW2swoAAh1TAycAAAABEgAQADbWaEMfacxEu8H%2BPue2u4M%3D&amp;thumbnailType=2&amp;X-OWA-CANARY=Pn2hK_jCC0OuuhDLyAm36vD8g4loatUYpVA3_Z4M5-C5KbIC86_li0aRSr-tGTchFK9Y4b8FJy4.&amp;token=eyJ0eXAiOiJKV1QiLCJhbGciOiJSUzI1NiIsIng1dCI6ImVuaDlCSnJWUFU1aWpWMXFqWmpWLWZMMmJjbyJ9.eyJ2ZXIiOiJFeGNoYW5nZS5DYWxsYmFjay5WMSIsImFwcGN0eHNlbmRlciI6Ik93YURvd25sb2FkQDg0ZGY5ZTdmLWU5ZjYtNDBhZi1iNDM1LWFhYWFhYWFhYWFhYSIsImFwcGN0eCI6IntcIm1zZXhjaHByb3RcIjpcIm93YVwiLFwicHJpbWFyeXNpZFwiOlwiUy0xLTI4MjctMzkzMjE2LTIyMDAzMjQxODBcIixcInB1aWRcIjpcIjE2ODg4NTIwNjA1ODgxMTZcIixcIm9pZFwiOlwiMDAwNjAwMDAtODMyNi00ODU0LTAwMDAtMDAwMDAwMDAwMDAwXCIsXCJzY29wZVwiOlwiT3dhRG93bmxvYWRcIn0iLCJpc3MiOiIwMDAwMDAwMi0wMDAwLTBmZjEtY2UwMC0wMDAwMDAwMDAwMDBAODRkZjllN2YtZTlmNi00MGFmLWI0MzUtYWFhYWFhYWFhYWFhIiwiYXVkIjoiMDAwMDAwMDItMDAwMC0wZmYxLWNlMDAtMDAwMDAwMDAwMDAwL2F0dGFjaG1lbnQub3V0bG9vay5vZmZpY2UubmV0QDg0ZGY5ZTdmLWU5ZjYtNDBhZi1iNDM1LWFhYWFhYWFhYWFhYSIsImV4cCI6MTUxNzU5NTY5MCwibmJmIjoxNTE3NTk1MDkwfQ.Q09Pf97i7WiZp5-mtS1iv56KcJyA9fQaE3tqjCJyo-lCG9FI-Jkj_BHhpp9MCPg3gsU-kK65mlXY7VJyo5WoIa5mr7RekOaGJe9sUpb8hziyY6c7R43iYNGozOYC9YMSANhgGBl9vYWhHf-pWmW_v_wvmxByyg-zKbJ9uI1MG2-yVGbFfZA3Ycy5X2A9KyUs4B3JgOoqP9cwfKjtGBRnjK76NvpSxv6I6wlNNEE6bwtBFlf-rb_wkIOFpkKqFugMPDFBSb9TY3UmRG_GdIPqbfw9a9XMyb6tO4O0xD_blXzq-vhi6eHF_3Qw8iJ7sC7OctO8zIn4THkZAucODFGcbA&amp;owa=outlook.live.com&amp;isc=1\" width=\"398\" height=\"265\" \/><\/p>\n<p>&nbsp;<\/p>\n<p class=\"x_MsoNormal\"><b>Morelia;\u00a0\u00a0Michoac\u00e1n, 31 de enero de 2018.-<\/b>\u00a0\u00a0\u00a0A conformar un frente para pugnar que los municipios dejen de ser relegados en la distribuci\u00f3n de los recursos p\u00fablicos del pa\u00eds, convoc\u00f3 el diputado local Jos\u00e9 Guadalupe Aguilera Rojas.<\/p>\n<p class=\"x_MsoNormal\">Pese a las necesidades de los estados y municipios, el diputado local por el Distrito de P\u00e1tzcuaro, se\u00f1al\u00f3 que en la C\u00e1mara de Diputados del Honorable Congreso de la Uni\u00f3n, no se ha concretado una reforma a la Ley de Coordinaci\u00f3n Fiscal que reconozca la importancia de los municipios en los criterios de distribuci\u00f3n presupuestal.<\/p>\n<p class=\"x_MsoNormal\">En ese contexto, record\u00f3 que en noviembre pasado se aprob\u00f3 en el Congreso de Michoac\u00e1n el exhorto que promovi\u00f3 dicha reforma, con el \u00fanico fin de que en el pa\u00eds se garantice una distribuci\u00f3n m\u00e1s justa de los recursos para los municipios y con ello, se traduzca en mayores beneficios para las y los ciudadanos.<\/p>\n<p class=\"x_MsoNormal\">Consider\u00f3 que en el pa\u00eds existe un sesgo partidista con el que se distribuyen los recursos a las diferentes entidades en el pa\u00eds, a lo que se suma, la inequitativa distribuci\u00f3n a los municipios, lo que frena el desarrollo y progreso de las entidades y ciudadanos.<\/p>\n<p class=\"x_MsoNormal\">Por lo anterior, hizo un llamado al Congreso Uni\u00f3n para que atienda el exhorto aprobado por la LXXIII Legislatura Local,\u00a0\u00a0ya que la centralizaci\u00f3n de la recaudaci\u00f3n fiscal no s\u00f3lo ha afectado a los estados, sino que de manera particular a frenado el crecimiento y desarrollo de los municipios.<\/p>\n<p class=\"x_MsoNormal\">La lucha para robustecer la econom\u00eda de los municipios del pa\u00eds, puntualiz\u00f3 debe ser de todos los representantes populares, por lo que es necesario hacer un frente, para lograr que se concrete la reforma que se requiere, a fin de fortalecer la democracia del federalismo y para que los municipios cuenten con mayores recursos.<\/p>\n<p class=\"x_MsoNormal\">Jos\u00e9 Guadalupe Aguilera enfatiz\u00f3 que en M\u00e9xico es necesaria una distribuci\u00f3n m\u00e1s justa de los recursos p\u00fablicos de manera que los municipios puedan contar con condiciones para su desarrollo, para lo que es necesario que en la C\u00e1mara Alta reforme el art\u00edculo segundo de la Ley de Coordinaci\u00f3n Fiscal, a fin de que el Fondo General de Participaciones provenientes de la recaudaci\u00f3n federal se constituya con el 20 por ciento para los estados y 20 por ciento para los municipios de las Entidades Federativas.<\/p>\n<p class=\"x_MsoNormal\">Lo que se plantea con dicha reforma es generar mayores niveles de bienestar social, as\u00ed como el pleno desarrollo de los municipios, que han sido piedra angular en la reconfiguraci\u00f3n del sistema pol\u00edtico del pa\u00eds, desde sus antecedentes en la \u00e9poca prehisp\u00e1nica.<\/p>\n<p class=\"x_MsoNormal\">Record\u00f3 que es la federaci\u00f3n la que controla alrededor del 80 por ciento de los ingresos fiscales totales generados en el pa\u00eds, situaci\u00f3n que indica el grado de dependencia financiera de los estados y de los municipios y con lo que no se garantiza que realmente se atiendan los problemas que aquejan en cada lugar, ante la falta de dinero.<\/p>\n<p class=\"x_MsoNormal\">Por lo anterior y ante la falta de recursos, se\u00f1al\u00f3 que muchos de los municipios en el pa\u00eds para realizar obras han recurrido al endeudamiento, lo que ha generado crisis.<\/p>\n","protected":false},"excerpt":{"rendered":"<p>&nbsp; Morelia;\u00a0\u00a0Michoac\u00e1n, 31 de enero de 2018.-\u00a0\u00a0\u00a0A conformar un frente para pugnar que los municipios dejen de ser relegados en la distribuci\u00f3n de los recursos p\u00fablicos del pa\u00eds, convoc\u00f3 el diputado local Jos\u00e9 Guadalupe Aguilera Rojas. Pese a las necesidades de los estados y municipios, el diputado local por el Distrito de P\u00e1tzcuaro, se\u00f1al\u00f3 que [&hellip;]<\/p>\n","protected":false},"author":2,"featured_media":50057,"comment_status":"closed","ping_status":"closed","sticky":false,"template":"","format":"standard","meta":{"footnotes":""},"categories":[6,14],"tags":[],"class_list":["post-50056","post","type-post","status-publish","format-standard","has-post-thumbnail","hentry","category-congreso-del-estado","category-destacadas"],"_links":{"self":[{"href":"https:\/\/radiowebmx.com\/nota\/wp-json\/wp\/v2\/posts\/50056","targetHints":{"allow":["GET"]}}],"collection":[{"href":"https:\/\/radiowebmx.com\/nota\/wp-json\/wp\/v2\/posts"}],"about":[{"href":"https:\/\/radiowebmx.com\/nota\/wp-json\/wp\/v2\/types\/post"}],"author":[{"embeddable":true,"href":"https:\/\/radiowebmx.com\/nota\/wp-json\/wp\/v2\/users\/2"}],"replies":[{"embeddable":true,"href":"https:\/\/radiowebmx.com\/nota\/wp-json\/wp\/v2\/comments?post=50056"}],"version-history":[{"count":1,"href":"https:\/\/radiowebmx.com\/nota\/wp-json\/wp\/v2\/posts\/50056\/revisions"}],"predecessor-version":[{"id":50058,"href":"https:\/\/radiowebmx.com\/nota\/wp-json\/wp\/v2\/posts\/50056\/revisions\/50058"}],"wp:featuredmedia":[{"embeddable":true,"href":"https:\/\/radiowebmx.com\/nota\/wp-json\/wp\/v2\/media\/50057"}],"wp:attachment":[{"href":"https:\/\/radiowebmx.com\/nota\/wp-json\/wp\/v2\/media?parent=50056"}],"wp:term":[{"taxonomy":"category","embeddable":true,"href":"https:\/\/radiowebmx.com\/nota\/wp-json\/wp\/v2\/categories?post=50056"},{"taxonomy":"post_tag","embeddable":true,"href":"https:\/\/radiowebmx.com\/nota\/wp-json\/wp\/v2\/tags?post=50056"}],"curies":[{"name":"wp","href":"https:\/\/api.w.org\/{rel}","templated":true}]}}