{"id":50053,"date":"2018-01-31T15:40:46","date_gmt":"2018-01-31T21:40:46","guid":{"rendered":"https:\/\/radiowebmx.com\/nota\/?p=50053"},"modified":"2018-02-02T12:11:47","modified_gmt":"2018-02-02T18:11:47","slug":"convoca-roberto-carlos-lopez-generar-mesa-de-dialogo-en-el-caso-nahuatzen","status":"publish","type":"post","link":"https:\/\/radiowebmx.com\/nota\/convoca-roberto-carlos-lopez-generar-mesa-de-dialogo-en-el-caso-nahuatzen\/","title":{"rendered":"Convoca Roberto Carlos L\u00f3pez generar mesa de di\u00e1logo en el caso Nahuatzen"},"content":{"rendered":"<ul type=\"disc\">\n<li class=\"x_MsoNormal\"><strong>El diputado del PRI, sostuvo que es necesario coadyuvar para que la decisi\u00f3n asumida por el IEM, de acuerdo a las facultades que le concede la Ley, no tenga efectos negativos en el proceso electoral<\/strong><\/li>\n<li class=\"x_MsoNormal\"><strong>Conf\u00edo en que las autoridades estatales y electorales, generen condiciones de di\u00e1logo para que el proceso electoral siga su curso<\/strong><\/li>\n<\/ul>\n<p class=\"x_MsoNormal\"><b>Morelia;\u00a0\u00a0Michoac\u00e1n, 31 de enero de 2018.-<\/b>\u00a0\u00a0 El diputado del PRI presidente de la comisi\u00f3n de Pueblos Ind\u00edgenas en el Congreso del Estado, Roberto Carlos L\u00f3pez Garc\u00eda, hizo un llamado al Instituto Electoral de Michoac\u00e1n (IEM) y al Gobierno del Estado, para general mesas de di\u00e1logo con los habitantes de la comunidad de Nahuatzen, a fin de garantizar condiciones de estabilidad y gobernabilidad durante el proceso electoral 2017-2018.<\/p>\n<p class=\"x_MsoNormal\">Tras referirse a la decisi\u00f3n asumida desde el Consejo General del IEM;\u00a0\u00a0en d\u00f3nde se aprob\u00f3 que el primero de julio se llevar\u00e1n a cabo elecciones en aquella localidad, refiri\u00f3 que es necesario generar condiciones de di\u00e1logo a trav\u00e9s de las v\u00edas institucionales, para evitar conflictos que coloquen a este municipio en foco rojo.<\/p>\n<p class=\"x_MsoNormal\">El diputado reconoci\u00f3 a los habitantes de la comunidad, su voluntad para conducirse por las v\u00edas legales, y as\u00ed lo han manifestado que mantendr\u00e1n esta l\u00ednea de acudir ante los organismos jurisdiccionales para que resuelvan las controversias que se han suscitado en torno a su determinaci\u00f3n de transitar del sistema de partidos a usos y costumbres.<\/p>\n<p class=\"x_MsoNormal\">Pero se\u00f1al\u00f3 que el Gobierno Estatal y el IEM, deben generar acciones de seguimiento para que no se genere confrontaci\u00f3n entre quienes desean el sistema de partidos, y quienes argumentan otra opci\u00f3n diferente.<\/p>\n<p class=\"x_MsoNormal\">Ahora toca, dijo L\u00f3pez Garc\u00eda, que el Gobierno del Estado y el Instituto Electoral de Michoac\u00e1n, convoquen a esta mesa de di\u00e1logo para que se\u00a0\u00a0generen consensos y acuerdos, entre quienes buscan la transici\u00f3n sistema de usos y costumbres, como quienes han pedido permanezcan los partidos.<\/p>\n<p class=\"x_MsoNormal\">\u201cDebemos actuar con apego irrestricto a la legalidad, y el di\u00e1logo\u00a0\u00a0debe ser siempre la primicia para dirimir diferencias y para concretar acuerdos\u201d, expres\u00f3 el diputado del PRI, al manifestar la disposici\u00f3n del Congreso del Estado para coadyuvar a que esta situaci\u00f3n sea resuelta por los cauces institucionales.<\/p>\n<p class=\"x_gmail-m-5432555010712098089m-1595367997196090935gmail-msonormal\">\n","protected":false},"excerpt":{"rendered":"<p>El diputado del PRI, sostuvo que es necesario coadyuvar para que la decisi\u00f3n asumida por el IEM, de acuerdo a las facultades que le concede la Ley, no tenga efectos negativos en el proceso electoral Conf\u00edo en que las autoridades estatales y electorales, generen condiciones de di\u00e1logo para que el proceso electoral siga su curso [&hellip;]<\/p>\n","protected":false},"author":2,"featured_media":50054,"comment_status":"closed","ping_status":"closed","sticky":false,"template":"","format":"standard","meta":{"footnotes":""},"categories":[6,14],"tags":[],"class_list":["post-50053","post","type-post","status-publish","format-standard","has-post-thumbnail","hentry","category-congreso-del-estado","category-destacadas"],"_links":{"self":[{"href":"https:\/\/radiowebmx.com\/nota\/wp-json\/wp\/v2\/posts\/50053","targetHints":{"allow":["GET"]}}],"collection":[{"href":"https:\/\/radiowebmx.com\/nota\/wp-json\/wp\/v2\/posts"}],"about":[{"href":"https:\/\/radiowebmx.com\/nota\/wp-json\/wp\/v2\/types\/post"}],"author":[{"embeddable":true,"href":"https:\/\/radiowebmx.com\/nota\/wp-json\/wp\/v2\/users\/2"}],"replies":[{"embeddable":true,"href":"https:\/\/radiowebmx.com\/nota\/wp-json\/wp\/v2\/comments?post=50053"}],"version-history":[{"count":1,"href":"https:\/\/radiowebmx.com\/nota\/wp-json\/wp\/v2\/posts\/50053\/revisions"}],"predecessor-version":[{"id":50055,"href":"https:\/\/radiowebmx.com\/nota\/wp-json\/wp\/v2\/posts\/50053\/revisions\/50055"}],"wp:featuredmedia":[{"embeddable":true,"href":"https:\/\/radiowebmx.com\/nota\/wp-json\/wp\/v2\/media\/50054"}],"wp:attachment":[{"href":"https:\/\/radiowebmx.com\/nota\/wp-json\/wp\/v2\/media?parent=50053"}],"wp:term":[{"taxonomy":"category","embeddable":true,"href":"https:\/\/radiowebmx.com\/nota\/wp-json\/wp\/v2\/categories?post=50053"},{"taxonomy":"post_tag","embeddable":true,"href":"https:\/\/radiowebmx.com\/nota\/wp-json\/wp\/v2\/tags?post=50053"}],"curies":[{"name":"wp","href":"https:\/\/api.w.org\/{rel}","templated":true}]}}