{"id":50019,"date":"2018-01-31T14:22:04","date_gmt":"2018-01-31T20:22:04","guid":{"rendered":"https:\/\/radiowebmx.com\/nota\/?p=50019"},"modified":"2018-02-01T12:07:55","modified_gmt":"2018-02-01T18:07:55","slug":"se-requieren-policias-especializados-en-nsjp-nalleli-pedraza","status":"publish","type":"post","link":"https:\/\/radiowebmx.com\/nota\/se-requieren-policias-especializados-en-nsjp-nalleli-pedraza\/","title":{"rendered":"Se requieren  polic\u00edas especializados en NSJP: Nalleli Pedraza"},"content":{"rendered":"<p><img loading=\"lazy\" decoding=\"async\" class=\"\" src=\"https:\/\/attachment.outlook.office.net\/owa\/ultrapolitica@hotmail.com\/service.svc\/s\/GetAttachmentThumbnail?id=AQMkADAwATYwMAItODMyNi00ODU0LTAwAi0wMAoARgAAA5HawHgQuq9DrqMPu%2BRLC5sHANRV7lYdW%2FpNtd2j%2BEW2swoAAAIBDAAAANRV7lYdW%2FpNtd2j%2BEW2swoAAh1TAyQAAAABEgAQAIJg8t%2FTa2dOjhXiCptJLi8%3D&amp;thumbnailType=2&amp;X-OWA-CANARY=cBGB5cj-0km5ldCVXwx9LtBjK2WeadUYET_T5q1k5nJYNDthfdnnIjI95GeaYsaFpP2eqOPgSiw.&amp;token=eyJ0eXAiOiJKV1QiLCJhbGciOiJSUzI1NiIsIng1dCI6ImVuaDlCSnJWUFU1aWpWMXFqWmpWLWZMMmJjbyJ9.eyJ2ZXIiOiJFeGNoYW5nZS5DYWxsYmFjay5WMSIsImFwcGN0eHNlbmRlciI6Ik93YURvd25sb2FkQDg0ZGY5ZTdmLWU5ZjYtNDBhZi1iNDM1LWFhYWFhYWFhYWFhYSIsImFwcGN0eCI6IntcIm1zZXhjaHByb3RcIjpcIm93YVwiLFwicHJpbWFyeXNpZFwiOlwiUy0xLTI4MjctMzkzMjE2LTIyMDAzMjQxODBcIixcInB1aWRcIjpcIjE2ODg4NTIwNjA1ODgxMTZcIixcIm9pZFwiOlwiMDAwNjAwMDAtODMyNi00ODU0LTAwMDAtMDAwMDAwMDAwMDAwXCIsXCJzY29wZVwiOlwiT3dhRG93bmxvYWRcIn0iLCJpc3MiOiIwMDAwMDAwMi0wMDAwLTBmZjEtY2UwMC0wMDAwMDAwMDAwMDBAODRkZjllN2YtZTlmNi00MGFmLWI0MzUtYWFhYWFhYWFhYWFhIiwiYXVkIjoiMDAwMDAwMDItMDAwMC0wZmYxLWNlMDAtMDAwMDAwMDAwMDAwL2F0dGFjaG1lbnQub3V0bG9vay5vZmZpY2UubmV0QDg0ZGY5ZTdmLWU5ZjYtNDBhZi1iNDM1LWFhYWFhYWFhYWFhYSIsImV4cCI6MTUxNzUwODg5NCwibmJmIjoxNTE3NTA4Mjk0fQ.uTO-Dy9pUNpYNc4ywnWPdbBXER6Ar2cemqqWr9Lnmpk5FubsfJdOYJDloR0I3CKj56lRw0eNIvWWPi__P3QhXh4saN9J9Vmb7EcxLYo_5-cUzQKimh_XCmA35KxDPCUfffC-haJFxoaH1D2BjhxcXeH3O3DDqAJ2kx-4PSkqDgqBbRlEr_jDvNYvNLOLqNZNc2qlccvhkzDX8bbEWggAndpLObwAyWeUMnrSKFKJD8Js9LkeC9uET4GC1qRDkcJPwNpkoeHwOdLpaSqMHu1qXwaWdTxntFX9qpqCP6kZdNi0D42ochVPcduA-btoTjK2NTghzqJ-BH2CmYDOrxSDIQ&amp;owa=outlook.live.com&amp;isc=1\" width=\"401\" height=\"268\" \/><\/p>\n<p>&nbsp;<\/p>\n<p class=\"x_gmail-MsoNoSpacing\"><b>Morelia; Michoac\u00e1n, 31 de enero de 2018.-\u00a0\u00a0\u00a0<\/b>Contar con polic\u00edas capacitados, profesionales y especializados en el\u00a0\u00a0Nuevo Sistema de Justicia Penal, es un derecho\u00a0de los michoacanos y una obligaci\u00f3n del Estado Mexicano, por lo que se act\u00faa con responsabilidad al contribuir para generar el entramado jur\u00eddico necesario\u00a0\u00a0con el prop\u00f3sito que esto sea posible manifest\u00f3 la diputa Nalleli Pedraza Huerta, Vicepresidente del Congreso del Estado, al asistir a la Magna Conferencia Internacional \u201cLa Educaci\u00f3n Policial y el Servicio de Seguridad Ciudadana\u201d.<\/p>\n<p class=\"x_gmail-MsoNoSpacing\">A la conferencia impartida por Miguel \u00c1ngel Palomino C\u00e1ceres, Director de la Escuela Nacional de Formaci\u00f3n Profesional y Policial de Per\u00fa, asistieron Antonio Bernal Bustamante, Director General del Instituto Estatal de Estudios Superiores en Seguridad y Profesional en la entidad; el Coronel Segundo Fernando Salazar P\u00e9rez, Director de Formaci\u00f3n Continua de la Polic\u00eda de Per\u00fa; as\u00ed como el diputado Juan Figueroa G\u00f3mez, integrante de la Comisi\u00f3n de Seguridad P\u00fablica y Protecci\u00f3n Civil en el Congreso del Estado.<\/p>\n<p class=\"x_gmail-MsoNoSpacing\">En este contexto, Nalleli Pedraza destac\u00f3 la importancia de la constante capacitaci\u00f3n a la que deben estar sujetos los elementos policiales, ya que con la nueva legislaci\u00f3n es necesario que su actuar no tenga errores y sea acorde a la normativa.<\/p>\n<p class=\"x_gmail-MsoNoSpacing\">Asimismo, la tambi\u00e9n presidenta de la Comisi\u00f3n de Derechos Humanos en el Congreso del Estado felicit\u00f3 tanto a la dependencia en la materia por organizar la conferencia, as\u00ed como a los asistentes por interesarse en mejorar su profesionalizaci\u00f3n, y con ello ser servidores p\u00fablicos seguros, capaces y garantes de brindar a los michoacanos la seguridad que merecen.<\/p>\n","protected":false},"excerpt":{"rendered":"<p>&nbsp; Morelia; Michoac\u00e1n, 31 de enero de 2018.-\u00a0\u00a0\u00a0Contar con polic\u00edas capacitados, profesionales y especializados en el\u00a0\u00a0Nuevo Sistema de Justicia Penal, es un derecho\u00a0de los michoacanos y una obligaci\u00f3n del Estado Mexicano, por lo que se act\u00faa con responsabilidad al contribuir para generar el entramado jur\u00eddico necesario\u00a0\u00a0con el prop\u00f3sito que esto sea posible manifest\u00f3 la diputa [&hellip;]<\/p>\n","protected":false},"author":2,"featured_media":50020,"comment_status":"closed","ping_status":"closed","sticky":false,"template":"","format":"standard","meta":{"footnotes":""},"categories":[6,14],"tags":[],"class_list":["post-50019","post","type-post","status-publish","format-standard","has-post-thumbnail","hentry","category-congreso-del-estado","category-destacadas"],"_links":{"self":[{"href":"https:\/\/radiowebmx.com\/nota\/wp-json\/wp\/v2\/posts\/50019","targetHints":{"allow":["GET"]}}],"collection":[{"href":"https:\/\/radiowebmx.com\/nota\/wp-json\/wp\/v2\/posts"}],"about":[{"href":"https:\/\/radiowebmx.com\/nota\/wp-json\/wp\/v2\/types\/post"}],"author":[{"embeddable":true,"href":"https:\/\/radiowebmx.com\/nota\/wp-json\/wp\/v2\/users\/2"}],"replies":[{"embeddable":true,"href":"https:\/\/radiowebmx.com\/nota\/wp-json\/wp\/v2\/comments?post=50019"}],"version-history":[{"count":2,"href":"https:\/\/radiowebmx.com\/nota\/wp-json\/wp\/v2\/posts\/50019\/revisions"}],"predecessor-version":[{"id":50022,"href":"https:\/\/radiowebmx.com\/nota\/wp-json\/wp\/v2\/posts\/50019\/revisions\/50022"}],"wp:featuredmedia":[{"embeddable":true,"href":"https:\/\/radiowebmx.com\/nota\/wp-json\/wp\/v2\/media\/50020"}],"wp:attachment":[{"href":"https:\/\/radiowebmx.com\/nota\/wp-json\/wp\/v2\/media?parent=50019"}],"wp:term":[{"taxonomy":"category","embeddable":true,"href":"https:\/\/radiowebmx.com\/nota\/wp-json\/wp\/v2\/categories?post=50019"},{"taxonomy":"post_tag","embeddable":true,"href":"https:\/\/radiowebmx.com\/nota\/wp-json\/wp\/v2\/tags?post=50019"}],"curies":[{"name":"wp","href":"https:\/\/api.w.org\/{rel}","templated":true}]}}