{"id":50016,"date":"2018-01-31T15:23:37","date_gmt":"2018-01-31T21:23:37","guid":{"rendered":"https:\/\/radiowebmx.com\/nota\/?p=50016"},"modified":"2018-02-01T12:03:26","modified_gmt":"2018-02-01T18:03:26","slug":"convoca-andrea-villanueva-a-votar-ley-de-marchas-y-manifestaciones","status":"publish","type":"post","link":"https:\/\/radiowebmx.com\/nota\/convoca-andrea-villanueva-a-votar-ley-de-marchas-y-manifestaciones\/","title":{"rendered":"Convoca Andrea Villanueva a votar ley de  marchas y manifestaciones"},"content":{"rendered":"<ul type=\"disc\">\n<li class=\"x_MsoNormal\"><strong>La tambi\u00e9n integrante de la Comisi\u00f3n de Gobernaci\u00f3n, lament\u00f3 que ya exista un dictamen en torno a esta iniciativa y a\u00fan no haya sido turnado al Pleno del Congreso local<\/strong><i><\/i><\/li>\n<\/ul>\n<p class=\"x_MsoNormal\"><i>\u00a0<\/i><\/p>\n<p class=\"x_MsoNormal\"><b>Morelia;\u00a0\u00a0Michoac\u00e1n, 31 de enero de 2018.-<\/b>\u00a0\u00a0\u00a0Las marchas y manifestaciones que diariamente padecen los morelianos, demandan del Poder Legislativo respuestas inmediatas, asegur\u00f3 la diputada del Distrito XVII de Morelia Andrea Villanueva, quien conmin\u00f3 a los dem\u00e1s legisladores a dar celeridad y votar ante el Pleno del Congreso local, el dictamen de la Ley que Garantiza las Marchas y Manifestaciones, elaborado por la Comisi\u00f3n de Gobernaci\u00f3n.<\/p>\n<p class=\"x_MsoNormal\">En este sentido, la legisladora panista hizo hincapi\u00e9 en las p\u00e9rdidas econ\u00f3micas que estas movilizaciones generan a los m\u00e1s de 3 mil comerciantes del Centro Hist\u00f3rico de la ciudad, quienes en promedio pierden 5 millones de pesos diarios, por lo que al ser un tema prioritario, demanda del absoluto respaldo y compromiso de los representantes populares.<\/p>\n<p class=\"x_MsoNormal\">Por ello, conmin\u00f3 a los legisladores michoacanos, iniciar con este tema durante el pr\u00f3ximo periodo de sesiones, a fin de que se pueda discutir y votar ante el Pleno del Congreso local, el dictamen que incluso ya fue elaborado por la Comisi\u00f3n de Gobernaci\u00f3n que ella misma integra.<\/p>\n<p class=\"x_MsoNormal\">\u201cHay un gran n\u00famero de iniciativas pendientes en las Comisiones y esto deja un mal precedente para la Legislatura; yo llamar\u00eda a mis compa\u00f1eros y a los presidentes de todas las Comisiones que tienen temas por resolver a que demostremos nuestro inter\u00e9s por aprobar leyes que atiendan y resuelvan de manera urgente las problem\u00e1ticas cotidianas de los ciudadanos\u201d, resalt\u00f3.<\/p>\n<p class=\"x_MsoNormal\">Record\u00f3 que la iniciativa presentada por el Grupo Parlamentario de Acci\u00f3n Nacional a principios de esta Legislatura, es oportuna y garante de los derechos tanto de los manifestantes como de los ciudadanos que transitan por las calles, logrando una mejor convivencia y disminuyendo las afectaciones que generan estas movilizaciones.<\/p>\n<p class=\"x_MsoNormal\">Finalmente, Villanueva Cano asegur\u00f3 que el trabajo legislativo es prioritario para la estabilidad de la ciudad y del estado, por lo que reiter\u00f3 su compromiso de impulsar marcos normativos que garanticen mejores condiciones de vida para los michoacanos.<\/p>\n<p class=\"x_MsoNormal\">\n","protected":false},"excerpt":{"rendered":"<p>La tambi\u00e9n integrante de la Comisi\u00f3n de Gobernaci\u00f3n, lament\u00f3 que ya exista un dictamen en torno a esta iniciativa y a\u00fan no haya sido turnado al Pleno del Congreso local \u00a0 Morelia;\u00a0\u00a0Michoac\u00e1n, 31 de enero de 2018.-\u00a0\u00a0\u00a0Las marchas y manifestaciones que diariamente padecen los morelianos, demandan del Poder Legislativo respuestas inmediatas, asegur\u00f3 la diputada del [&hellip;]<\/p>\n","protected":false},"author":2,"featured_media":50017,"comment_status":"closed","ping_status":"closed","sticky":false,"template":"","format":"standard","meta":{"footnotes":""},"categories":[6,14],"tags":[],"class_list":["post-50016","post","type-post","status-publish","format-standard","has-post-thumbnail","hentry","category-congreso-del-estado","category-destacadas"],"_links":{"self":[{"href":"https:\/\/radiowebmx.com\/nota\/wp-json\/wp\/v2\/posts\/50016","targetHints":{"allow":["GET"]}}],"collection":[{"href":"https:\/\/radiowebmx.com\/nota\/wp-json\/wp\/v2\/posts"}],"about":[{"href":"https:\/\/radiowebmx.com\/nota\/wp-json\/wp\/v2\/types\/post"}],"author":[{"embeddable":true,"href":"https:\/\/radiowebmx.com\/nota\/wp-json\/wp\/v2\/users\/2"}],"replies":[{"embeddable":true,"href":"https:\/\/radiowebmx.com\/nota\/wp-json\/wp\/v2\/comments?post=50016"}],"version-history":[{"count":1,"href":"https:\/\/radiowebmx.com\/nota\/wp-json\/wp\/v2\/posts\/50016\/revisions"}],"predecessor-version":[{"id":50018,"href":"https:\/\/radiowebmx.com\/nota\/wp-json\/wp\/v2\/posts\/50016\/revisions\/50018"}],"wp:featuredmedia":[{"embeddable":true,"href":"https:\/\/radiowebmx.com\/nota\/wp-json\/wp\/v2\/media\/50017"}],"wp:attachment":[{"href":"https:\/\/radiowebmx.com\/nota\/wp-json\/wp\/v2\/media?parent=50016"}],"wp:term":[{"taxonomy":"category","embeddable":true,"href":"https:\/\/radiowebmx.com\/nota\/wp-json\/wp\/v2\/categories?post=50016"},{"taxonomy":"post_tag","embeddable":true,"href":"https:\/\/radiowebmx.com\/nota\/wp-json\/wp\/v2\/tags?post=50016"}],"curies":[{"name":"wp","href":"https:\/\/api.w.org\/{rel}","templated":true}]}}