{"id":49999,"date":"2018-01-31T15:47:10","date_gmt":"2018-01-31T21:47:10","guid":{"rendered":"https:\/\/radiowebmx.com\/nota\/?p=49999"},"modified":"2018-02-01T11:18:42","modified_gmt":"2018-02-01T17:18:42","slug":"ayuntamiento-de-morelia-atiende-a-integrantes-de-la-cnte","status":"publish","type":"post","link":"https:\/\/radiowebmx.com\/nota\/ayuntamiento-de-morelia-atiende-a-integrantes-de-la-cnte\/","title":{"rendered":"Ayuntamiento de Morelia atiende a integrantes de la CNTE"},"content":{"rendered":"<p><img loading=\"lazy\" decoding=\"async\" class=\"\" src=\"https:\/\/gallery.mailchimp.com\/4006ac058ed166735585eb757\/images\/557925a1-9e12-4e3c-bdd3-8dd2998bd59b.jpeg\" width=\"400\" height=\"266\" \/><\/p>\n<ul>\n<li><strong>Solicitudes de esta agrupaci\u00f3n son competencia del Gobierno del Estado.<\/strong><\/li>\n<li><strong>Ayuntamiento de Morelia se mantiene como enlace entre autoridades y sociedad.<\/strong><\/li>\n<\/ul>\n<p>&nbsp;<\/p>\n<div>En aras de ser un v\u00ednculo con la sociedad, la Secretar\u00eda del Ayuntamiento por conducto de su titular, Jes\u00fas \u00c1valos Plata, dio atenci\u00f3n a integrantes de la Coordinadora Nacional de Trabajadores de la Educaci\u00f3n (CNTE) que este mi\u00e9rcoles 31 de Enero se manifestaron en la calle Allende.<\/p>\n<p>La presente Administraci\u00f3n Municipal que encabeza el Alcalde Alfonso Mart\u00ednez Alc\u00e1zar se ha caracterizado por ser un puente de comunicaci\u00f3n entre la poblaci\u00f3n y autoridades de los diferentes \u00f3rdenes de Gobierno. Por ello, se recibieron las peticiones de los manifestantes, aun cuando \u00e9stas son competencia del Ejecutivo Estatal.<\/p>\n<p>Es de destacar que el Encargado de Despacho de la Direcci\u00f3n de Gobierno, Aar\u00f3n L\u00f3pez S\u00e1nchez, recibi\u00f3 las solicitudes a trav\u00e9s de una comisi\u00f3n de integrantes de la CNTE, encabezada por los profesores Eligio Vald\u00e9s Cervantes y Ulises Cira P\u00e9rez, Secretario de Trabajo y Conflictos de Secundarias de la Coordinadora.<\/p>\n<p>En este sentido, la Secretar\u00eda del Ayuntamiento elabor\u00f3 una misiva dirigida al Gobierno del Estado referente a que los recursos econ\u00f3micos de la educaci\u00f3n sean equitativos, adem\u00e1s de una carta a la Comisi\u00f3n Estatal de Derechos Humanos (CEDH) para que d\u00e9 un puntual seguimiento al caso expresado por los manifestantes.<\/p>\n<p>De esta manera, el Ayuntamiento de Morelia reiter\u00f3 su postura de di\u00e1logo y apertura a las diferentes expresiones e integrantes de las asociaciones civiles de la sociedad, para ser un puente ante las diferentes autoridades con respeto a la divisi\u00f3n de poderes y jerarqu\u00eda en competencias.<\/p><\/div>\n","protected":false},"excerpt":{"rendered":"<p>Solicitudes de esta agrupaci\u00f3n son competencia del Gobierno del Estado. Ayuntamiento de Morelia se mantiene como enlace entre autoridades y sociedad. &nbsp; En aras de ser un v\u00ednculo con la sociedad, la Secretar\u00eda del Ayuntamiento por conducto de su titular, Jes\u00fas \u00c1valos Plata, dio atenci\u00f3n a integrantes de la Coordinadora Nacional de Trabajadores de la [&hellip;]<\/p>\n","protected":false},"author":2,"featured_media":50000,"comment_status":"closed","ping_status":"closed","sticky":false,"template":"","format":"standard","meta":{"footnotes":""},"categories":[14,60,9],"tags":[],"class_list":["post-49999","post","type-post","status-publish","format-standard","has-post-thumbnail","hentry","category-destacadas","category-michoacan","category-morelia"],"_links":{"self":[{"href":"https:\/\/radiowebmx.com\/nota\/wp-json\/wp\/v2\/posts\/49999","targetHints":{"allow":["GET"]}}],"collection":[{"href":"https:\/\/radiowebmx.com\/nota\/wp-json\/wp\/v2\/posts"}],"about":[{"href":"https:\/\/radiowebmx.com\/nota\/wp-json\/wp\/v2\/types\/post"}],"author":[{"embeddable":true,"href":"https:\/\/radiowebmx.com\/nota\/wp-json\/wp\/v2\/users\/2"}],"replies":[{"embeddable":true,"href":"https:\/\/radiowebmx.com\/nota\/wp-json\/wp\/v2\/comments?post=49999"}],"version-history":[{"count":1,"href":"https:\/\/radiowebmx.com\/nota\/wp-json\/wp\/v2\/posts\/49999\/revisions"}],"predecessor-version":[{"id":50001,"href":"https:\/\/radiowebmx.com\/nota\/wp-json\/wp\/v2\/posts\/49999\/revisions\/50001"}],"wp:featuredmedia":[{"embeddable":true,"href":"https:\/\/radiowebmx.com\/nota\/wp-json\/wp\/v2\/media\/50000"}],"wp:attachment":[{"href":"https:\/\/radiowebmx.com\/nota\/wp-json\/wp\/v2\/media?parent=49999"}],"wp:term":[{"taxonomy":"category","embeddable":true,"href":"https:\/\/radiowebmx.com\/nota\/wp-json\/wp\/v2\/categories?post=49999"},{"taxonomy":"post_tag","embeddable":true,"href":"https:\/\/radiowebmx.com\/nota\/wp-json\/wp\/v2\/tags?post=49999"}],"curies":[{"name":"wp","href":"https:\/\/api.w.org\/{rel}","templated":true}]}}