{"id":49988,"date":"2018-01-31T14:13:53","date_gmt":"2018-01-31T20:13:53","guid":{"rendered":"https:\/\/radiowebmx.com\/nota\/?p=49988"},"modified":"2018-01-31T14:13:53","modified_gmt":"2018-01-31T20:13:53","slug":"inicia-pre-registro-del-pri-para-el-senado-y-diputados-federales","status":"publish","type":"post","link":"https:\/\/radiowebmx.com\/nota\/inicia-pre-registro-del-pri-para-el-senado-y-diputados-federales\/","title":{"rendered":"Inicia Pre-registr\u00f3 del PRI para el Senado y Diputados federales"},"content":{"rendered":"<p>El s\u00e1bado acudieron a la sede estatal del tricolor a hacer el tr\u00e1mite respectivo,\u00a0<b>Juan Brambila Aguilar<\/b>, por el distrito 05 Zamora. \u00c9l se desempe\u00f1\u00f3 en la pasada administraci\u00f3n estatal como subsecretario de Fomento Productivo en la extinta secretar\u00eda de Desarrollo Rural (<b>Sedru<\/b>).<\/p>\n<p><a href=\"https:\/\/radiowebmx.com\/nota\/wp-content\/uploads\/2018\/01\/27067282_10215473536491194_7683635640225625277_n.jpg\"><img loading=\"lazy\" decoding=\"async\" class=\"alignnone size-medium wp-image-49990\" src=\"https:\/\/radiowebmx.com\/nota\/wp-content\/uploads\/2018\/01\/27067282_10215473536491194_7683635640225625277_n-595x395.jpg\" alt=\"\" width=\"595\" height=\"395\" srcset=\"https:\/\/radiowebmx.com\/nota\/wp-content\/uploads\/2018\/01\/27067282_10215473536491194_7683635640225625277_n-595x395.jpg 595w, https:\/\/radiowebmx.com\/nota\/wp-content\/uploads\/2018\/01\/27067282_10215473536491194_7683635640225625277_n-768x510.jpg 768w, https:\/\/radiowebmx.com\/nota\/wp-content\/uploads\/2018\/01\/27067282_10215473536491194_7683635640225625277_n.jpg 960w, https:\/\/radiowebmx.com\/nota\/wp-content\/uploads\/2018\/01\/27067282_10215473536491194_7683635640225625277_n-272x182.jpg 272w\" sizes=\"auto, (max-width: 595px) 100vw, 595px\" \/><\/a><\/p>\n<p><b>Sidronio Torres Garibay<\/b>, delegado estatal del Sindicato Nacional \u00a0de la secci\u00f3n XIX de la\u00a0<b>CTM<\/b>, se pre registr\u00f3 por el distrito 08 Morelia Poniente; en tanto que\u00a0<b>Roc\u00edo Santos de la Cruz<\/b>, ex delegada de la Secretar\u00eda de Relaciones Exteriores, va por el distrito 03 de Zit\u00e1cuaro.<\/p>\n<p><b>Tarsicio Amezcua S\u00e1nchez<\/b>, ex presidente de Juventud Revolucionaria pri\u00edsta, se postul\u00f3 por el distrito 04 de Jiquilpan; mientras que\u00a0<b>J. Reyes Galindo Pedraza<\/b>, \u00a0ex secretario de Servicios Parlamentarios del Congreso local aspira a la diputaci\u00f3n federal por el distrito 01 de L\u00e1zaro C\u00e1rdenas.<\/p>\n<p>El ex diputado local,\u00a0<b>Santiago Blanco Nateras<\/b>\u00a0se perfila por el distrito 03 de Zit\u00e1cuaro; y,\u00a0<b>Gonzalo Gonz\u00e1lez Alvarado<\/b>, secretario de Organizaci\u00f3n del Comit\u00e9 Municipal del Partido Revolucionario Institucional en L\u00e1zaro C\u00e1rdenas, se pre registr\u00f3 por el distrito 01 de la misma demarcaci\u00f3n.<\/p>\n<p><b>Carlos Edgar Gonz\u00e1lez P\u00e9rez<\/b>, quien se desempe\u00f1\u00f3 como s\u00edndico va por el distrito 06 de \u00a0Hidalgo;\u00a0<b>Armando Carrillo Barrag\u00e1n<\/b>, solicit\u00f3 \u00a0licencia para ausentarse de la presidencia del municipio porte\u00f1o y tambi\u00e9n se apunt\u00f3 por el distrito 01 de L\u00e1zaro C\u00e1rdenas. Tambi\u00e9n por ese mismo distrito van: \u00a0<b>Juan Carlos \u00c1lvarez Cornejo<\/b>, ex dirigente de los j\u00f3venes cenecistas del estado;\u00a0<b>Yuritzi Navarro Gonz\u00e1lez<\/b>, y, la ex diputada local,\u00a0<b>Ma. Guadalupe Calder\u00f3n Medina<\/b>.<\/p>\n<p><b>Karina L\u00f3pez Espino<\/b>, \u00a0ex titular \u00a0de la Secretar\u00eda de Desarrollo Social del ayuntamiento de Ciudad Hidalgo se postul\u00f3 por el Distrito 06 de Hidalgo, cargo al que tambi\u00e9n aspira\u00a0<b>Vicente Estrada Torres<\/b>, quien se ha desempe\u00f1ado como presidente nacional de la Uni\u00f3n Nacional de Ejidos y Comunidades Forestales.<\/p>\n<p><b>Nallely \u00c1vila Valdez\u00a0<\/b>se anot\u00f3 por el distrito 12 de \u00a0Apatzing\u00e1n;\u00a0<b>Jos\u00e9 Luis Mart\u00ednez Guzm\u00e1n<\/b>\u00a0por el distrito 09 de Uruapan; la ex presidenta municipal y ex s\u00edndica de Zit\u00e1cuaro,<b>\u00a0Sonia Ang\u00e9lica Rivas Espitia<\/b>, va por el distrito 03 con cabecera en esa misma localidad.<\/p>\n<p>Aunque en un principio trascendieron como aspirantes a la presidencia municipal de Morelia, el ex delegado de la Secretar\u00eda de Desarrollo Social,\u00a0<b>Ger\u00f3nimo Color Gasca<\/b>, va por el distrito 10 de Morelia, mientras que el ex presidente municipal y legislador local con licencia,\u00a0<b>Wilfrido L\u00e1zaro Medina<\/b>, buscar\u00e1 la candidatura por el distrito 8 de Morelia, para la cual tambi\u00e9n se pre registr\u00f3 su hom\u00f3logo,\u00a0<b>Roberto Carlos L\u00f3pez Garc\u00eda<\/b>.<\/p>\n<p>Por la postulaci\u00f3n del distrito 09 de Uruapan hicieron el tr\u00e1mite\u00a0<b>Uribe Trevi\u00f1o Agust\u00edn<\/b>, quien ha fungido como secretario de Planeaci\u00f3n Municipal;\u00a0<b>Selene G\u00f3mez Barrag\u00e1n<\/b>, que ya hab\u00eda buscado el cargo; y, el ex congresista local,\u00a0<b>Rigel Mac\u00edas Hern\u00e1ndez<\/b>.<\/p>\n<p>La candidatura por el distrito 11 de P\u00e1tzcuaro la quieren\u00a0<b>Yuritzi P\u00e9rez Vega<\/b>, regidora con licencia; y,\u00a0<b>Arsenio Hern\u00e1ndez Gama<\/b>, \u00a0quien ha colaborado como secretario general adjunto del Comit\u00e9 Directivo Estatal.<\/p>\n<p><b>Sergio Flores Luna<\/b>, ex delegado de Liconsa, va por el distrito 05 de Zamora;\u00a0<b>Eva Mar\u00eda Pimentel Reyes<\/b>, \u00a0por el distrito 07 de Zacapu; el ex diputado local,<b>Antonio Sosa L\u00f3pez<\/b>, por el distrito 02 de Puru\u00e1ndiro; y,\u00a0<b>Cinthia Alejandre Maravilla\u00a0<\/b>por el distrito 04 de Jiquilpan.<\/p>\n<h3>Aspirantes al senado<\/h3>\n<p>Por la candidatura al senado de la rep\u00fablica, s\u00f3lo se pre registraron, la ex secretaria de J\u00f3venes en el estado,\u00a0<b>Ana Brasilia Espino Sandoval<\/b>; la diputada local con licencia,\u00a0<b>X\u00f3chitl Gabriela Ru\u00edz Gonz\u00e1lez<\/b>; y, el diputado federal, \u00a0<b>Antonio Ixtlahuac Orihuela<\/b>.<\/p>\n<p>Cabe apuntar que los pre registros para las candidaturas a diputaciones locales y presidencias municipales se llevar\u00e1n a cabo durante mi\u00e9rcoles y jueves de la siguiente semana.<\/p>\n","protected":false},"excerpt":{"rendered":"<p>El s\u00e1bado acudieron a la sede estatal del tricolor a hacer el tr\u00e1mite respectivo,\u00a0Juan Brambila Aguilar, por el distrito 05 Zamora. \u00c9l se desempe\u00f1\u00f3 en la pasada administraci\u00f3n estatal como subsecretario de Fomento Productivo en la extinta secretar\u00eda de Desarrollo Rural (Sedru). Sidronio Torres Garibay, delegado estatal del Sindicato Nacional \u00a0de la secci\u00f3n XIX de [&hellip;]<\/p>\n","protected":false},"author":2,"featured_media":49990,"comment_status":"closed","ping_status":"closed","sticky":false,"template":"","format":"standard","meta":{"footnotes":""},"categories":[14,11,12],"tags":[],"class_list":["post-49988","post","type-post","status-publish","format-standard","has-post-thumbnail","hentry","category-destacadas","category-partidos-politicos","category-pri"],"_links":{"self":[{"href":"https:\/\/radiowebmx.com\/nota\/wp-json\/wp\/v2\/posts\/49988","targetHints":{"allow":["GET"]}}],"collection":[{"href":"https:\/\/radiowebmx.com\/nota\/wp-json\/wp\/v2\/posts"}],"about":[{"href":"https:\/\/radiowebmx.com\/nota\/wp-json\/wp\/v2\/types\/post"}],"author":[{"embeddable":true,"href":"https:\/\/radiowebmx.com\/nota\/wp-json\/wp\/v2\/users\/2"}],"replies":[{"embeddable":true,"href":"https:\/\/radiowebmx.com\/nota\/wp-json\/wp\/v2\/comments?post=49988"}],"version-history":[{"count":1,"href":"https:\/\/radiowebmx.com\/nota\/wp-json\/wp\/v2\/posts\/49988\/revisions"}],"predecessor-version":[{"id":49992,"href":"https:\/\/radiowebmx.com\/nota\/wp-json\/wp\/v2\/posts\/49988\/revisions\/49992"}],"wp:featuredmedia":[{"embeddable":true,"href":"https:\/\/radiowebmx.com\/nota\/wp-json\/wp\/v2\/media\/49990"}],"wp:attachment":[{"href":"https:\/\/radiowebmx.com\/nota\/wp-json\/wp\/v2\/media?parent=49988"}],"wp:term":[{"taxonomy":"category","embeddable":true,"href":"https:\/\/radiowebmx.com\/nota\/wp-json\/wp\/v2\/categories?post=49988"},{"taxonomy":"post_tag","embeddable":true,"href":"https:\/\/radiowebmx.com\/nota\/wp-json\/wp\/v2\/tags?post=49988"}],"curies":[{"name":"wp","href":"https:\/\/api.w.org\/{rel}","templated":true}]}}