{"id":49984,"date":"2018-01-31T13:04:56","date_gmt":"2018-01-31T19:04:56","guid":{"rendered":"https:\/\/radiowebmx.com\/nota\/?p=49984"},"modified":"2018-01-31T13:04:56","modified_gmt":"2018-01-31T19:04:56","slug":"este-jueves-ayuntamiento-de-morelia-realizara-obras-viales-en-avenida-camelias","status":"publish","type":"post","link":"https:\/\/radiowebmx.com\/nota\/este-jueves-ayuntamiento-de-morelia-realizara-obras-viales-en-avenida-camelias\/","title":{"rendered":"Este jueves, Ayuntamiento de Morelia realizar\u00e1 obras viales en Avenida Camelias"},"content":{"rendered":"<p><img loading=\"lazy\" decoding=\"async\" class=\"\" src=\"https:\/\/gallery.mailchimp.com\/4006ac058ed166735585eb757\/images\/9e4d318e-a1c6-4ad5-832e-587326457c4b.jpg\" width=\"400\" height=\"300\" \/><\/p>\n<ul>\n<li><strong>Trabajos\u00a0de fresado y asfaltado se realizar\u00e1n en\u00a0un carril a la vez,\u00a0para permitir el flujo vehicular.<\/strong><\/li>\n<li><strong>Las labores tendr\u00e1n lugar\u00a0en el carril Norte de la Avenida\u00a0Camelinas, esquina con Enrique Ram\u00edrez.<\/strong><\/li>\n<\/ul>\n<div>\nEn aras de dotar a los ciudadanos de vialidades optimas e incluyentes, el Ayuntamiento de Morelia a trav\u00e9s de la Secretar\u00eda de Desarrollo Metropolitano e Infraestructura, realizar\u00e1 el fresado y asfaltado de la obra que tiene lugar en la Avenida Enrique Ram\u00edrez, esquina con Camelinas; por lo cual habr\u00e1 reducci\u00f3n de los carriles de circulaci\u00f3n en esta \u00faltima vialidad el pr\u00f3ximo jueves 1 y viernes 2 de febrero.<\/p>\n<p>En ese sentido, el Secretario de Desarrollo Metropolitano e Infraestructura, Juan Fernando Sosa Tapia, detall\u00f3 que las acciones se realizar\u00e1n desde las 08:00 a las 18:00 horas, abarcando solo uno de los carriles a la vez para no cerrar la vialidad a los veh\u00edculos. Sin embargo, recomend\u00f3 a los automovilistas tomar las precauciones necesarias.<\/p>\n<p>El funcionario municipal tambi\u00e9n record\u00f3 que estas acciones est\u00e1n relacionadas a la construcci\u00f3n de un pase seguro para transe\u00fantes, el cual es necesario en esta zona comercial altamente transitada y ser\u00e1 de beneficio directo para 10 mil morelianos con una inversi\u00f3n de 2 millones 500 mil pesos.<\/p>\n<p>De esta forma, el Ayuntamiento de Morelia sigue trabajando en la construcci\u00f3n de un municipio incluyente al realizar obras en beneficio tanto para automovilistas como para peatones, generando as\u00ed mejores condiciones de vida.<\/p><\/div>\n","protected":false},"excerpt":{"rendered":"<p>Trabajos\u00a0de fresado y asfaltado se realizar\u00e1n en\u00a0un carril a la vez,\u00a0para permitir el flujo vehicular. Las labores tendr\u00e1n lugar\u00a0en el carril Norte de la Avenida\u00a0Camelinas, esquina con Enrique Ram\u00edrez. En aras de dotar a los ciudadanos de vialidades optimas e incluyentes, el Ayuntamiento de Morelia a trav\u00e9s de la Secretar\u00eda de Desarrollo Metropolitano e Infraestructura, [&hellip;]<\/p>\n","protected":false},"author":2,"featured_media":49985,"comment_status":"closed","ping_status":"closed","sticky":false,"template":"","format":"standard","meta":{"footnotes":""},"categories":[14,60,9],"tags":[],"class_list":["post-49984","post","type-post","status-publish","format-standard","has-post-thumbnail","hentry","category-destacadas","category-michoacan","category-morelia"],"_links":{"self":[{"href":"https:\/\/radiowebmx.com\/nota\/wp-json\/wp\/v2\/posts\/49984","targetHints":{"allow":["GET"]}}],"collection":[{"href":"https:\/\/radiowebmx.com\/nota\/wp-json\/wp\/v2\/posts"}],"about":[{"href":"https:\/\/radiowebmx.com\/nota\/wp-json\/wp\/v2\/types\/post"}],"author":[{"embeddable":true,"href":"https:\/\/radiowebmx.com\/nota\/wp-json\/wp\/v2\/users\/2"}],"replies":[{"embeddable":true,"href":"https:\/\/radiowebmx.com\/nota\/wp-json\/wp\/v2\/comments?post=49984"}],"version-history":[{"count":1,"href":"https:\/\/radiowebmx.com\/nota\/wp-json\/wp\/v2\/posts\/49984\/revisions"}],"predecessor-version":[{"id":49986,"href":"https:\/\/radiowebmx.com\/nota\/wp-json\/wp\/v2\/posts\/49984\/revisions\/49986"}],"wp:featuredmedia":[{"embeddable":true,"href":"https:\/\/radiowebmx.com\/nota\/wp-json\/wp\/v2\/media\/49985"}],"wp:attachment":[{"href":"https:\/\/radiowebmx.com\/nota\/wp-json\/wp\/v2\/media?parent=49984"}],"wp:term":[{"taxonomy":"category","embeddable":true,"href":"https:\/\/radiowebmx.com\/nota\/wp-json\/wp\/v2\/categories?post=49984"},{"taxonomy":"post_tag","embeddable":true,"href":"https:\/\/radiowebmx.com\/nota\/wp-json\/wp\/v2\/tags?post=49984"}],"curies":[{"name":"wp","href":"https:\/\/api.w.org\/{rel}","templated":true}]}}