{"id":49954,"date":"2018-01-30T21:37:04","date_gmt":"2018-01-31T03:37:04","guid":{"rendered":"https:\/\/radiowebmx.com\/nota\/?p=49954"},"modified":"2018-01-31T11:13:16","modified_gmt":"2018-01-31T17:13:16","slug":"imde-reprograma-arranque-del-curso-anual-de-natacion-2018","status":"publish","type":"post","link":"https:\/\/radiowebmx.com\/nota\/imde-reprograma-arranque-del-curso-anual-de-natacion-2018\/","title":{"rendered":"IMDE reprograma arranque del Curso Anual de  Nataci\u00f3n 2018"},"content":{"rendered":"<p><img loading=\"lazy\" decoding=\"async\" class=\"\" src=\"https:\/\/gallery.mailchimp.com\/4006ac058ed166735585eb757\/_compresseds\/b7990818-fcb2-48b0-a1ac-720a6fddd0ae.jpg\" width=\"399\" height=\"251\" \/><\/p>\n<ul>\n<li><strong>Debido a las bajas temperatura y por recomendaci\u00f3n de la Direcci\u00f3n de Salud Municipal, se hicieron ajustes en el calendario.<\/strong><\/li>\n<li><strong>El curso iniciar\u00e1 el\u00a0lunes 12 de Febrero y terminar\u00e1 el mi\u00e9rcoles 12 de Diciembre.<\/strong><\/li>\n<\/ul>\n<div>Ante las bajas temperaturas que se registran en gran parte de nuestro pa\u00eds, y en atenci\u00f3n a la recomendaci\u00f3n emitida por la Direcci\u00f3n de Salud Municipal, el Curso Anual de Nataci\u00f3n del Instituto Municipal de Cultura F\u00edsica y Deporte (IMDE) dar\u00e1 inicio hasta el lunes 12 de Febrero y culminar\u00e1 el mi\u00e9rcoles 12 de Diciembre. Por tal motivo, las inscripciones contin\u00faan abiertas.<\/p>\n<p>Preocupado por la salud de los ni\u00f1os, j\u00f3venes y personas de la tercera edad, el Gobierno del Alcalde Alfonso Mart\u00ednez Alc\u00e1zar, a trav\u00e9s del IMDE, determin\u00f3 reprogramar el arranque del Curso Anual de Nataci\u00f3n 2018, el cual estaba previsto para iniciar el jueves 01 de Febrero y concluir el \u00faltimo d\u00eda de Noviembre.<\/p>\n<p>\u201cHace unos minutos recibimos una recomendaci\u00f3n por parte de la Direcci\u00f3n de Salud Municipal que dirige el doctor Jos\u00e9 Murgu\u00eda Maga\u00f1a, con el prop\u00f3sito de no poner en riesgo la salud de los usuarios, por lo cual nos vemos en la necesidad de reprogramar la apertura de nuestro curso anual de nataci\u00f3n\u00a0 que ten\u00edamos previsto para este jueves, debido a las bajas a las bajas temperaturas que se han registrado en el pa\u00eds, y que pueden provocar enfermedades cardiorrespiratorias en la ciudadan\u00eda\u201d, indic\u00f3 el Encargado de Despacho del IMDE, Salvador Alegre \u00c1lvarez.<\/p>\n<p>Los deportivos Bicentenario, Villa Magna, Morelos Indeco y \u201cMedallistas Paral\u00edmpicos\u201d, seguir\u00e1n siendo sedes del curso, que ser\u00e1 impartido de lunes a viernes de 06:00 a 22:00 horas y s\u00e1bados de\u00a006:00 a 13:00 horas.<\/p>\n<p>A causa del cambio de fechas, las inscripciones del curso contin\u00faan abiertas para el\u00a0 p\u00fablico en general en las categor\u00edas de Principiantes, Intermedios y Avanzados, las cuales se pueden realizar en los diferentes espacios acu\u00e1ticos del IMDE.<\/p><\/div>\n","protected":false},"excerpt":{"rendered":"<p>Debido a las bajas temperatura y por recomendaci\u00f3n de la Direcci\u00f3n de Salud Municipal, se hicieron ajustes en el calendario. El curso iniciar\u00e1 el\u00a0lunes 12 de Febrero y terminar\u00e1 el mi\u00e9rcoles 12 de Diciembre. Ante las bajas temperaturas que se registran en gran parte de nuestro pa\u00eds, y en atenci\u00f3n a la recomendaci\u00f3n emitida por [&hellip;]<\/p>\n","protected":false},"author":2,"featured_media":49955,"comment_status":"closed","ping_status":"closed","sticky":false,"template":"","format":"standard","meta":{"footnotes":""},"categories":[14,60,9],"tags":[],"class_list":["post-49954","post","type-post","status-publish","format-standard","has-post-thumbnail","hentry","category-destacadas","category-michoacan","category-morelia"],"_links":{"self":[{"href":"https:\/\/radiowebmx.com\/nota\/wp-json\/wp\/v2\/posts\/49954","targetHints":{"allow":["GET"]}}],"collection":[{"href":"https:\/\/radiowebmx.com\/nota\/wp-json\/wp\/v2\/posts"}],"about":[{"href":"https:\/\/radiowebmx.com\/nota\/wp-json\/wp\/v2\/types\/post"}],"author":[{"embeddable":true,"href":"https:\/\/radiowebmx.com\/nota\/wp-json\/wp\/v2\/users\/2"}],"replies":[{"embeddable":true,"href":"https:\/\/radiowebmx.com\/nota\/wp-json\/wp\/v2\/comments?post=49954"}],"version-history":[{"count":1,"href":"https:\/\/radiowebmx.com\/nota\/wp-json\/wp\/v2\/posts\/49954\/revisions"}],"predecessor-version":[{"id":49956,"href":"https:\/\/radiowebmx.com\/nota\/wp-json\/wp\/v2\/posts\/49954\/revisions\/49956"}],"wp:featuredmedia":[{"embeddable":true,"href":"https:\/\/radiowebmx.com\/nota\/wp-json\/wp\/v2\/media\/49955"}],"wp:attachment":[{"href":"https:\/\/radiowebmx.com\/nota\/wp-json\/wp\/v2\/media?parent=49954"}],"wp:term":[{"taxonomy":"category","embeddable":true,"href":"https:\/\/radiowebmx.com\/nota\/wp-json\/wp\/v2\/categories?post=49954"},{"taxonomy":"post_tag","embeddable":true,"href":"https:\/\/radiowebmx.com\/nota\/wp-json\/wp\/v2\/tags?post=49954"}],"curies":[{"name":"wp","href":"https:\/\/api.w.org\/{rel}","templated":true}]}}