{"id":4995,"date":"2013-12-06T13:01:17","date_gmt":"2013-12-06T19:01:17","guid":{"rendered":"https:\/\/radiowebmx.com\/nota\/?p=4995"},"modified":"2014-01-08T13:01:40","modified_gmt":"2014-01-08T19:01:40","slug":"con-pasarela-incluyente-mas-alla-de-la-moda-culmina-semana-de-la-discapacidad","status":"publish","type":"post","link":"https:\/\/radiowebmx.com\/nota\/con-pasarela-incluyente-mas-alla-de-la-moda-culmina-semana-de-la-discapacidad\/","title":{"rendered":"CON PASARELA INCLUYENTE \u201cM\u00c1S ALL\u00c1 DE LA MODA\u201d, CULMINA SEMANA DE LA DISCAPACIDAD"},"content":{"rendered":"<p><a href=\"https:\/\/radiowebmx.com\/nota\/wp-content\/uploads\/2014\/01\/DSC2264.jpg\"><img loading=\"lazy\" decoding=\"async\" class=\"alignleft size-full wp-image-4996\" alt=\"_DSC2264\" src=\"https:\/\/radiowebmx.com\/nota\/wp-content\/uploads\/2014\/01\/DSC2264.jpg\" width=\"591\" height=\"276\" \/><\/a>El<b> <\/b>Sistema para el Desarrollo Integral de la Familia (DIF) Michoac\u00e1n, a trav\u00e9s de la Direcci\u00f3n de Asistencia e Inclusi\u00f3n Social, culmin\u00f3 la Semana de la Discapacidad 2013, con la pasarela de moda incluyente para personas con discapacidad, denominada \u201cM\u00e1s all\u00e1 de la Moda\u201d, misma que congreg\u00f3 a decenas de familias en la Plaza Melchor Ocampo de esta capital.<\/p>\n<p>Esta primera edici\u00f3n de \u201cM\u00e1s all\u00e1 de la Moda\u201d, que presenciaron Patricia Mora de Vallejo y Nelly Sastr\u00e9 Gasca, presidenta y directora del Sistema DIF Michoac\u00e1n, respectivamente, result\u00f3 todo un \u00e9xito al lograr una asistencia de casi mil 500 personas; adem\u00e1s se engalan\u00f3 con la conducci\u00f3n de Adriana Mac\u00edas y la presencia de la traductora de noticieros Perla Moctezuma.<\/p>\n<p>Creaciones de los dise\u00f1adores michoacanos Patricia Wences, Emilio Pintor Herrera, Hugo Guerrero Fisher, Rodolfo Cristerna, Daniel Delgado Tinoco y Patricia Medina Espinosa, fueron elegidas para mostrar prendas funcionales, c\u00f3modas y vanguardistas, pero sobretodo, romper con c\u00e1nones \u201cvanguardistas de la moda\u201d.<\/p>\n<p>En un ambiente de alegr\u00eda y glamour desfilaron 30 modelos de diferentes edades y municipios del estado tales como: Acuitzio, \u00c1lvaro Obreg\u00f3n, Morelia, Quer\u00e9ndaro, Quiroga, Turicato, Hidalgo, Tar\u00edmbaro, Ario de Rosales, Cop\u00e1ndaro, entre otros, quienes deslumbraron con su talento a los asistentes a este evento.<\/p>\n<p>En la pasarela los modelos disfrutaron el momento y la experiencia de poder realizar una actividad distinta y fuera de lo com\u00fan, ya que no son modelos profesionales; sin embargo la actitud, la disciplina y la entrega, se reflejaron en el desfilar con cada prenda dise\u00f1ada especialmente para cada participante.<\/p>\n<p>Nelly Sastr\u00e9 Gasca, directora del DIF Michoac\u00e1n, puntualiz\u00f3 que tiene el firme prop\u00f3sito de hacer que los michoacanos tengan una cultura de la discapacidad, por tal motivo, la dependencia estatal trabaja continuamente para la inclusi\u00f3n de las personas con discapacidad en todos los \u00e1mbitos de la sociedad, y en esta ocasi\u00f3n, en la moda.<\/p>\n<p>En este sentido, Tzitlali Montejano Monroy, titular de la Direcci\u00f3n de Asistencia e Inclusi\u00f3n Social del DIF Estatal, expres\u00f3 que adicional a la Semana de la Discapacidad, la dependencia estatal atiende a este sector de la poblaci\u00f3n a lo largo del a\u00f1o con programas asistenciales como lo son becas, transporte al Centro de Rehabilitaci\u00f3n y Educaci\u00f3n Especial (CREE), medicamentos, entrega de dotaci\u00f3n de ayudas funcionales para personas con discapacidad como: andaderas, bastones, sillas de ruedas, carriolas PSI, muletas, aparatos auditivos, entre otros.<\/p>\n<p>Al finalizar la pasarela, Patricia Mora de Vallejo y Nelly Sastr\u00e9 Gasca, recibieron un bouquet de flores como muestra de agradecimiento por la labor de inclusi\u00f3n para personas con discapacidad que realizan.<\/p>\n<p>Es de resaltar que en esta primera pasarela incluyente \u201cM\u00e1s all\u00e1 de la moda\u201d, la fot\u00f3grafa Malajim R\u00e1bago, realiz\u00f3 una sesi\u00f3n de fototerapia con 12 modelos, jugando con distintos escenarios para dar realce a la historia de cada uno de ellos.<\/p>\n<p>Cabe mencionar que desde hace m\u00e1s de dos d\u00e9cadas esta labor altruista se ha desempe\u00f1ado en distintos estados como: Puebla, Sinaloa, Jalisco y ahora, Michoac\u00e1n.<\/p>\n","protected":false},"excerpt":{"rendered":"<p>El Sistema para el Desarrollo Integral de la Familia (DIF) Michoac\u00e1n, a trav\u00e9s de la Direcci\u00f3n de Asistencia e Inclusi\u00f3n Social, culmin\u00f3 la Semana de la Discapacidad 2013, con la pasarela de moda incluyente para personas con discapacidad, denominada \u201cM\u00e1s all\u00e1 de la Moda\u201d<\/p>\n","protected":false},"author":1,"featured_media":0,"comment_status":"open","ping_status":"open","sticky":false,"template":"","format":"standard","meta":{"footnotes":""},"categories":[14,3],"tags":[],"class_list":["post-4995","post","type-post","status-publish","format-standard","hentry","category-destacadas","category-gobierno-del-estado-de-michoacan"],"_links":{"self":[{"href":"https:\/\/radiowebmx.com\/nota\/wp-json\/wp\/v2\/posts\/4995","targetHints":{"allow":["GET"]}}],"collection":[{"href":"https:\/\/radiowebmx.com\/nota\/wp-json\/wp\/v2\/posts"}],"about":[{"href":"https:\/\/radiowebmx.com\/nota\/wp-json\/wp\/v2\/types\/post"}],"author":[{"embeddable":true,"href":"https:\/\/radiowebmx.com\/nota\/wp-json\/wp\/v2\/users\/1"}],"replies":[{"embeddable":true,"href":"https:\/\/radiowebmx.com\/nota\/wp-json\/wp\/v2\/comments?post=4995"}],"version-history":[{"count":3,"href":"https:\/\/radiowebmx.com\/nota\/wp-json\/wp\/v2\/posts\/4995\/revisions"}],"predecessor-version":[{"id":4999,"href":"https:\/\/radiowebmx.com\/nota\/wp-json\/wp\/v2\/posts\/4995\/revisions\/4999"}],"wp:attachment":[{"href":"https:\/\/radiowebmx.com\/nota\/wp-json\/wp\/v2\/media?parent=4995"}],"wp:term":[{"taxonomy":"category","embeddable":true,"href":"https:\/\/radiowebmx.com\/nota\/wp-json\/wp\/v2\/categories?post=4995"},{"taxonomy":"post_tag","embeddable":true,"href":"https:\/\/radiowebmx.com\/nota\/wp-json\/wp\/v2\/tags?post=4995"}],"curies":[{"name":"wp","href":"https:\/\/api.w.org\/{rel}","templated":true}]}}