{"id":4983,"date":"2013-12-05T11:33:35","date_gmt":"2013-12-05T17:33:35","guid":{"rendered":"https:\/\/radiowebmx.com\/nota\/?p=4983"},"modified":"2014-01-08T12:35:59","modified_gmt":"2014-01-08T18:35:59","slug":"preside-fausto-vallejo-segundo-informe-de-gobierno-de-wilfrido","status":"publish","type":"post","link":"https:\/\/radiowebmx.com\/nota\/preside-fausto-vallejo-segundo-informe-de-gobierno-de-wilfrido\/","title":{"rendered":"Preside Fausto Vallejo Segundo Informe de Gobierno de Wilfrido"},"content":{"rendered":"<p><a href=\"https:\/\/radiowebmx.com\/nota\/wp-content\/uploads\/2014\/01\/DSC_8473.jpg\"><img loading=\"lazy\" decoding=\"async\" class=\"alignleft size-full wp-image-4991\" alt=\"DSC_8473\" src=\"https:\/\/radiowebmx.com\/nota\/wp-content\/uploads\/2014\/01\/DSC_8473.jpg\" width=\"591\" height=\"269\" \/><\/a>El mandatario Fausto Vallejo Figueroa asisti\u00f3 a la presentaci\u00f3n del Segundo Informe de Gobierno de Wilfrido L\u00e1zaro Medina, en el que el edil de Morelia hizo un recuento de las obras y acciones desarrolladas durante el presente a\u00f1o en la capital michoacana, donde de manera conjunta con las administraciones estatal y federal se emprenden trabajos para beneficio de los morelianos.<\/p>\n","protected":false},"excerpt":{"rendered":"<p>El mandatario Fausto Vallejo Figueroa asisti\u00f3 a la presentaci\u00f3n del Segundo Informe de Gobierno de Wilfrido L\u00e1zaro Medina, en el que el edil de Morelia hizo un recuento de las obras y acciones desarrolladas durante el presente a\u00f1o en la capital michoacana, donde de manera conjunta con las administraciones estatal y federal se emprenden trabajos [&hellip;]<\/p>\n","protected":false},"author":1,"featured_media":0,"comment_status":"open","ping_status":"open","sticky":false,"template":"","format":"standard","meta":{"footnotes":""},"categories":[14,3],"tags":[],"class_list":["post-4983","post","type-post","status-publish","format-standard","hentry","category-destacadas","category-gobierno-del-estado-de-michoacan"],"_links":{"self":[{"href":"https:\/\/radiowebmx.com\/nota\/wp-json\/wp\/v2\/posts\/4983","targetHints":{"allow":["GET"]}}],"collection":[{"href":"https:\/\/radiowebmx.com\/nota\/wp-json\/wp\/v2\/posts"}],"about":[{"href":"https:\/\/radiowebmx.com\/nota\/wp-json\/wp\/v2\/types\/post"}],"author":[{"embeddable":true,"href":"https:\/\/radiowebmx.com\/nota\/wp-json\/wp\/v2\/users\/1"}],"replies":[{"embeddable":true,"href":"https:\/\/radiowebmx.com\/nota\/wp-json\/wp\/v2\/comments?post=4983"}],"version-history":[{"count":3,"href":"https:\/\/radiowebmx.com\/nota\/wp-json\/wp\/v2\/posts\/4983\/revisions"}],"predecessor-version":[{"id":4994,"href":"https:\/\/radiowebmx.com\/nota\/wp-json\/wp\/v2\/posts\/4983\/revisions\/4994"}],"wp:attachment":[{"href":"https:\/\/radiowebmx.com\/nota\/wp-json\/wp\/v2\/media?parent=4983"}],"wp:term":[{"taxonomy":"category","embeddable":true,"href":"https:\/\/radiowebmx.com\/nota\/wp-json\/wp\/v2\/categories?post=4983"},{"taxonomy":"post_tag","embeddable":true,"href":"https:\/\/radiowebmx.com\/nota\/wp-json\/wp\/v2\/tags?post=4983"}],"curies":[{"name":"wp","href":"https:\/\/api.w.org\/{rel}","templated":true}]}}