{"id":49758,"date":"2018-01-23T16:35:17","date_gmt":"2018-01-23T22:35:17","guid":{"rendered":"https:\/\/radiowebmx.com\/nota\/?p=49758"},"modified":"2018-01-24T11:06:14","modified_gmt":"2018-01-24T17:06:14","slug":"acuerdo-de-civilidad-politica-en-pro-de-michoacan-manuel-lopez-melendez","status":"publish","type":"post","link":"https:\/\/radiowebmx.com\/nota\/acuerdo-de-civilidad-politica-en-pro-de-michoacan-manuel-lopez-melendez\/","title":{"rendered":"Acuerdo de Civilidad Pol\u00edtica en pro de Michoac\u00e1n: Manuel L\u00f3pez Mel\u00e9ndez"},"content":{"rendered":"<p class=\"x_MsoNormal\"><b>Morelia; Michoac\u00e1n, a 23 de enero de 2018.-<\/b>\u00a0Con la convicci\u00f3n de contribuir a un mejor desarrollo de Michoac\u00e1n, el diputado Manuel L\u00f3pez Mel\u00e9ndez consider\u00f3 positivo el Acuerdo de Civilidad Pol\u00edtica pactado este d\u00eda entre las autoridades electorales, los poderes Ejecutivo y Legislativo y representantes de siete partidos pol\u00edticos.<\/p>\n<p class=\"x_MsoNormal\">Luego de asistir al evento, el legislador confi\u00f3 en que dicho acuerdo podr\u00e1 contribuir a que el proceso electoral en Michoac\u00e1n sea un ejemplo de legalidad y civilidad democr\u00e1tica, en el que se ponga por encima el desarrollo de la entidad y los derechos de los ciudadanos.<\/p>\n<p class=\"x_MsoNormal\">Resalt\u00f3 el compromiso del Congreso del Estado quien siempre ha actuado con responsabilidad y al igual que los integrantes de la bancada del PRD, quienes siempre han dejado de manifiesto la convicci\u00f3n de contribuir a un mejor desarrollo de Michoac\u00e1n.<\/p>\n<p class=\"x_MsoNormal\">Con la firma del documento, indic\u00f3 que se dan muestra de la voluntad y compromiso de los poderes, autoridades electorales y partidos, con el \u00fanico fin de garantizar una elecci\u00f3n ejemplar y de responder al reclamo social de las y los michoacanos.<\/p>\n<p class=\"x_MsoNormal\">Manuel L\u00f3pez coincidi\u00f3 en que lo vital en estos momentos es cerrar filas en favor de la democracia, la paz y la tranquilidad que Michoac\u00e1n, en donde la poblaci\u00f3n se sienta segura y libre de participar en la contienda.<\/p>\n<p class=\"x_MsoNormal\">\u201cEstamos conscientes de que se necesitan acuerdos y combinarlos con las profundas convicciones democr\u00e1ticas de todas y todos los michoacanos. Somos un estado de luchas populares, pero tambi\u00e9n de grandes acuerdos nacionales\u201d.<\/p>\n<p class=\"x_MsoNormal\">Con este Acuerdo de Civilidad Pol\u00edtica en pro de Michoac\u00e1n, consider\u00f3 que se camina a un gran pacto social, encabezado por todas y todos, sin distingo de partidos o intereses particulares y est\u00e1 en todos el contribuir a la consolidaci\u00f3n de la democracia de manera pac\u00edfica y ser un ejemplo para el pa\u00eds.<\/p>\n","protected":false},"excerpt":{"rendered":"<p>Morelia; Michoac\u00e1n, a 23 de enero de 2018.-\u00a0Con la convicci\u00f3n de contribuir a un mejor desarrollo de Michoac\u00e1n, el diputado Manuel L\u00f3pez Mel\u00e9ndez consider\u00f3 positivo el Acuerdo de Civilidad Pol\u00edtica pactado este d\u00eda entre las autoridades electorales, los poderes Ejecutivo y Legislativo y representantes de siete partidos pol\u00edticos. Luego de asistir al evento, el legislador [&hellip;]<\/p>\n","protected":false},"author":2,"featured_media":49759,"comment_status":"closed","ping_status":"closed","sticky":false,"template":"","format":"standard","meta":{"footnotes":""},"categories":[6,14],"tags":[],"class_list":["post-49758","post","type-post","status-publish","format-standard","has-post-thumbnail","hentry","category-congreso-del-estado","category-destacadas"],"_links":{"self":[{"href":"https:\/\/radiowebmx.com\/nota\/wp-json\/wp\/v2\/posts\/49758","targetHints":{"allow":["GET"]}}],"collection":[{"href":"https:\/\/radiowebmx.com\/nota\/wp-json\/wp\/v2\/posts"}],"about":[{"href":"https:\/\/radiowebmx.com\/nota\/wp-json\/wp\/v2\/types\/post"}],"author":[{"embeddable":true,"href":"https:\/\/radiowebmx.com\/nota\/wp-json\/wp\/v2\/users\/2"}],"replies":[{"embeddable":true,"href":"https:\/\/radiowebmx.com\/nota\/wp-json\/wp\/v2\/comments?post=49758"}],"version-history":[{"count":1,"href":"https:\/\/radiowebmx.com\/nota\/wp-json\/wp\/v2\/posts\/49758\/revisions"}],"predecessor-version":[{"id":49760,"href":"https:\/\/radiowebmx.com\/nota\/wp-json\/wp\/v2\/posts\/49758\/revisions\/49760"}],"wp:featuredmedia":[{"embeddable":true,"href":"https:\/\/radiowebmx.com\/nota\/wp-json\/wp\/v2\/media\/49759"}],"wp:attachment":[{"href":"https:\/\/radiowebmx.com\/nota\/wp-json\/wp\/v2\/media?parent=49758"}],"wp:term":[{"taxonomy":"category","embeddable":true,"href":"https:\/\/radiowebmx.com\/nota\/wp-json\/wp\/v2\/categories?post=49758"},{"taxonomy":"post_tag","embeddable":true,"href":"https:\/\/radiowebmx.com\/nota\/wp-json\/wp\/v2\/tags?post=49758"}],"curies":[{"name":"wp","href":"https:\/\/api.w.org\/{rel}","templated":true}]}}