{"id":49734,"date":"2018-01-23T19:54:18","date_gmt":"2018-01-24T01:54:18","guid":{"rendered":"https:\/\/radiowebmx.com\/nota\/?p=49734"},"modified":"2018-01-24T10:21:16","modified_gmt":"2018-01-24T16:21:16","slug":"funcionarios-con-licencia-temporal-sin-goce-de-sueldo","status":"publish","type":"post","link":"https:\/\/radiowebmx.com\/nota\/funcionarios-con-licencia-temporal-sin-goce-de-sueldo\/","title":{"rendered":"Funcionarios con licencia temporal sin goce de sueldo"},"content":{"rendered":"<div>\n<p><img loading=\"lazy\" decoding=\"async\" class=\"\" src=\"https:\/\/gallery.mailchimp.com\/4006ac058ed166735585eb757\/images\/7bf048fb-d47a-45f3-878c-b9e1a8431577.jpg\" width=\"400\" height=\"266\" \/><\/p>\n<ul>\n<li><strong>En cumplimiento a la ley vigente en la materia, los funcionarios municipales tendr\u00e1n permiso sin goce de sueldo para atender su proceso de recolecci\u00f3n de firmas.<\/strong><\/li>\n<\/ul>\n<\/div>\n<div>\nEl Ayuntamiento de Morelia, encabezado por el Alcalde Alfonso Mart\u00ednez Alc\u00e1zar, refrenda su compromiso de seguir trabajando como nunca por el municipio y apegarse a la reglamentaci\u00f3n vigente en materia electoral.<\/p>\n<p>En ese sentido, Yankel Ben\u00edtez Silva, Secretario de Administraci\u00f3n Municipal; Jos\u00e9 Luis Gil V\u00e1zquez, Secretario de Servicio P\u00fablicos Municipales; y Sussan Melissa V\u00e1squez P\u00e9rez, Directora del Sistema DIF Municipal, solicitaron licencia sin goce de sueldo durante quince d\u00edas naturales para atender las recolecciones de firmas para respaldar sus respectivas candidaturas independientes.<\/p>\n<p>Es a partir de este martes 23 de Enero de 2018 cuando inicia la licencia temporal de los funcionarios interesados en procesos electorales y se reincorporar\u00e1n a sus labores el pr\u00f3ximo siete de Febrero del presente a\u00f1o.<\/p>\n<p>Cabe destacar que, bajo las instrucciones del Presidente Municipal, est\u00e1 garantizado que las diferentes \u00e1reas del Ayuntamiento de Morelia sigan trabajando de manera normal, ya que los mencionados puestos ser\u00e1n cubiertos de forma temporal por perfiles id\u00f3neos de la propia estructura municipal.<\/p>\n<p>Por ello, Luis Eduardo Jurado Guerrero quedar\u00e1 como encargado de despacho de la Secretar\u00eda de Administraci\u00f3n, Agust\u00edn Paramo Paredes ser\u00e1 encargado del despacho en el Sistema DIF y Armando Orozco Guzm\u00e1n har\u00e1 lo propio en la Secretar\u00eda de Servicios P\u00fablicos Municipales.<\/p>\n<p>De esta manera, el Ayuntamiento de Morelia refrenda su compromiso de seguir siendo respetuoso de la reglamentaci\u00f3n vigente en materia electoral y mantenerse trabajando como nunca en favor de los morelianos.<\/p><\/div>\n","protected":false},"excerpt":{"rendered":"<p>En cumplimiento a la ley vigente en la materia, los funcionarios municipales tendr\u00e1n permiso sin goce de sueldo para atender su proceso de recolecci\u00f3n de firmas. El Ayuntamiento de Morelia, encabezado por el Alcalde Alfonso Mart\u00ednez Alc\u00e1zar, refrenda su compromiso de seguir trabajando como nunca por el municipio y apegarse a la reglamentaci\u00f3n vigente en [&hellip;]<\/p>\n","protected":false},"author":2,"featured_media":49735,"comment_status":"closed","ping_status":"closed","sticky":false,"template":"","format":"standard","meta":{"footnotes":""},"categories":[14,60,9],"tags":[],"class_list":["post-49734","post","type-post","status-publish","format-standard","has-post-thumbnail","hentry","category-destacadas","category-michoacan","category-morelia"],"_links":{"self":[{"href":"https:\/\/radiowebmx.com\/nota\/wp-json\/wp\/v2\/posts\/49734","targetHints":{"allow":["GET"]}}],"collection":[{"href":"https:\/\/radiowebmx.com\/nota\/wp-json\/wp\/v2\/posts"}],"about":[{"href":"https:\/\/radiowebmx.com\/nota\/wp-json\/wp\/v2\/types\/post"}],"author":[{"embeddable":true,"href":"https:\/\/radiowebmx.com\/nota\/wp-json\/wp\/v2\/users\/2"}],"replies":[{"embeddable":true,"href":"https:\/\/radiowebmx.com\/nota\/wp-json\/wp\/v2\/comments?post=49734"}],"version-history":[{"count":1,"href":"https:\/\/radiowebmx.com\/nota\/wp-json\/wp\/v2\/posts\/49734\/revisions"}],"predecessor-version":[{"id":49736,"href":"https:\/\/radiowebmx.com\/nota\/wp-json\/wp\/v2\/posts\/49734\/revisions\/49736"}],"wp:featuredmedia":[{"embeddable":true,"href":"https:\/\/radiowebmx.com\/nota\/wp-json\/wp\/v2\/media\/49735"}],"wp:attachment":[{"href":"https:\/\/radiowebmx.com\/nota\/wp-json\/wp\/v2\/media?parent=49734"}],"wp:term":[{"taxonomy":"category","embeddable":true,"href":"https:\/\/radiowebmx.com\/nota\/wp-json\/wp\/v2\/categories?post=49734"},{"taxonomy":"post_tag","embeddable":true,"href":"https:\/\/radiowebmx.com\/nota\/wp-json\/wp\/v2\/tags?post=49734"}],"curies":[{"name":"wp","href":"https:\/\/api.w.org\/{rel}","templated":true}]}}