{"id":49666,"date":"2018-01-20T17:58:42","date_gmt":"2018-01-20T23:58:42","guid":{"rendered":"https:\/\/radiowebmx.com\/nota\/?p=49666"},"modified":"2018-01-22T13:07:05","modified_gmt":"2018-01-22T19:07:05","slug":"cursan-comunicadores-y-comunicadoras-ultima-etapa-del-diplomado-locucion-y-periodismo","status":"publish","type":"post","link":"https:\/\/radiowebmx.com\/nota\/cursan-comunicadores-y-comunicadoras-ultima-etapa-del-diplomado-locucion-y-periodismo\/","title":{"rendered":"Cursan comunicadores y comunicadoras \u00faltima etapa del diplomado \u201cLocuci\u00f3n y Periodismo\u201d"},"content":{"rendered":"<ul>\n<li><strong>Las y los inscritos al mismo aplauden y reconocen el esfuerzo del Gobierno del Estado y de la CGCS por capacitar continuamente al gremio.<\/strong><\/li>\n<li><strong>La titular de la CGCS, Julieta L\u00f3pez Bautista, refrenda su compromiso de continuar impulsando a las y los periodistas y comunicadores en la labor que realizan en beneficio de la sociedad.<\/strong><\/li>\n<\/ul>\n<p>&nbsp;<\/p>\n<p><strong>Morelia, Michoac\u00e1n, a 20 de enero de 2018.-\u00a0<\/strong>Las comunicadoras, comunicadores y periodistas que cursan el diplomado de \u201cLocuci\u00f3n y Periodismo\u201d iniciaron este fin de semana la \u00faltima etapa de este plan acad\u00e9mico, que conjuga el esfuerzo coordinado a la Coordinaci\u00f3n General de Comunicaci\u00f3n Social (CGCS) y la Asociaci\u00f3n Nacional de Locutores de M\u00e9xico, A.C.<\/p>\n<p>Bajo el tema de \u201cNormatividad Protocolaria para la Prensa, Locuci\u00f3n y Organizaci\u00f3n de Derechos Humanos\u201d -con sede en Morelia- el comunicador, editor, acad\u00e9mico y periodista Fernando Antonio Mora Guill\u00e9n, comparti\u00f3 sus conocimientos a las y los asistentes.<\/p>\n<p>Con entusiasmo, las alumnas y los alumnos disfrutaron y aprendieron del \u00faltimo m\u00f3dulo que concluye la siguiente semana, bajo la premisa de reforzar la labor que desempe\u00f1an d\u00eda a d\u00eda.<\/p>\n<p>Mora Guill\u00e9n fungi\u00f3 como asesor de prensa y relaciones p\u00fablicas en la Embajada del Reino Unido en M\u00e9xico; director de Comunicaci\u00f3n Social del Instituto Nacional de Migraci\u00f3n y asesor de la Comisi\u00f3n de Radio y Televisi\u00f3n de la LXII Legislatura de la C\u00e1mara de Diputados; adem\u00e1s de participar en estrategias de comunicaci\u00f3n y cuarto de guerra de campa\u00f1as pol\u00edticas.<\/p>\n<p>Tambi\u00e9n fue director general de la Televisi\u00f3n Educativa de Telesecundaria y Telebachillerato; acad\u00e9mico numerario de la Academia Nacional de Relaciones P\u00fablicas A.C y es socio fundador del Colegio Nacional de Licenciados en Periodismo A.C.<\/p>\n<p>Mientras que el especialista en periodismo y comunicaci\u00f3n, Jos\u00e9 Luis Ar\u00e9valo, tambi\u00e9n comparti\u00f3 sus conocimientos a las y los adscritos al diplomado en la regi\u00f3n Oriente del estado.<\/p>\n<p>La titular de la CGCS, Julieta L\u00f3pez Bautista, reconoci\u00f3 la disponibilidad y compromiso de las comunicadoras, los comunicadores y periodistas, quienes a lo largo de varios meses obtuvieron nuevas herramientas que vendr\u00e1n a coadyuvar en el importante quehacer de informar a la ciudadan\u00eda, lo que abona al fortalecimiento de las instituciones y a la democracia.<\/p>\n<p>\u201cTengan por seguro que el Gobierno que encabeza el Gobernador Silvano Aureoles Conejo seguir\u00e1 apostando por su capacitaci\u00f3n, pues ustedes constituyen el puente de Gobierno-sociedad para dar a conocer las acciones, programas y actividades que desde nuestras trincheras ejercemos a favor de las michoacanas y los michoacanos\u201d, se\u00f1al\u00f3.<\/p>\n<p>Las y los participantes coincidieron en que la capacitaci\u00f3n es esencial para su labor diaria, por lo que refrendaron su disponibilidad para continuar capacit\u00e1ndose, al mismo tiempo que agradecieron el compromiso y esfuerzo del Gobierno del Estado que se preocupa y ocupa por rendir cuentas a la ciudadan\u00eda, a trav\u00e9s de los medios de comunicaci\u00f3n.<\/p>\n","protected":false},"excerpt":{"rendered":"<p>Las y los inscritos al mismo aplauden y reconocen el esfuerzo del Gobierno del Estado y de la CGCS por capacitar continuamente al gremio. La titular de la CGCS, Julieta L\u00f3pez Bautista, refrenda su compromiso de continuar impulsando a las y los periodistas y comunicadores en la labor que realizan en beneficio de la sociedad. [&hellip;]<\/p>\n","protected":false},"author":2,"featured_media":49668,"comment_status":"closed","ping_status":"closed","sticky":false,"template":"","format":"standard","meta":{"footnotes":""},"categories":[14,3,60],"tags":[],"class_list":["post-49666","post","type-post","status-publish","format-standard","has-post-thumbnail","hentry","category-destacadas","category-gobierno-del-estado-de-michoacan","category-michoacan"],"_links":{"self":[{"href":"https:\/\/radiowebmx.com\/nota\/wp-json\/wp\/v2\/posts\/49666","targetHints":{"allow":["GET"]}}],"collection":[{"href":"https:\/\/radiowebmx.com\/nota\/wp-json\/wp\/v2\/posts"}],"about":[{"href":"https:\/\/radiowebmx.com\/nota\/wp-json\/wp\/v2\/types\/post"}],"author":[{"embeddable":true,"href":"https:\/\/radiowebmx.com\/nota\/wp-json\/wp\/v2\/users\/2"}],"replies":[{"embeddable":true,"href":"https:\/\/radiowebmx.com\/nota\/wp-json\/wp\/v2\/comments?post=49666"}],"version-history":[{"count":1,"href":"https:\/\/radiowebmx.com\/nota\/wp-json\/wp\/v2\/posts\/49666\/revisions"}],"predecessor-version":[{"id":49669,"href":"https:\/\/radiowebmx.com\/nota\/wp-json\/wp\/v2\/posts\/49666\/revisions\/49669"}],"wp:featuredmedia":[{"embeddable":true,"href":"https:\/\/radiowebmx.com\/nota\/wp-json\/wp\/v2\/media\/49668"}],"wp:attachment":[{"href":"https:\/\/radiowebmx.com\/nota\/wp-json\/wp\/v2\/media?parent=49666"}],"wp:term":[{"taxonomy":"category","embeddable":true,"href":"https:\/\/radiowebmx.com\/nota\/wp-json\/wp\/v2\/categories?post=49666"},{"taxonomy":"post_tag","embeddable":true,"href":"https:\/\/radiowebmx.com\/nota\/wp-json\/wp\/v2\/tags?post=49666"}],"curies":[{"name":"wp","href":"https:\/\/api.w.org\/{rel}","templated":true}]}}