{"id":49649,"date":"2018-01-19T17:36:07","date_gmt":"2018-01-19T23:36:07","guid":{"rendered":"https:\/\/radiowebmx.com\/nota\/?p=49649"},"modified":"2018-01-22T12:25:29","modified_gmt":"2018-01-22T18:25:29","slug":"la-igualdad-entre-hombres-y-mujeres-tarea-de-todos-nalleli-pedraza","status":"publish","type":"post","link":"https:\/\/radiowebmx.com\/nota\/la-igualdad-entre-hombres-y-mujeres-tarea-de-todos-nalleli-pedraza\/","title":{"rendered":"La igualdad entre hombres y mujeres, tarea de todos: Nalleli Pedraza"},"content":{"rendered":"<p class=\"x_MsoNormal\"><b>Morelia; Michoac\u00e1n, 19 de enero de 2018<\/b>.-\u00a0El garantizar que todas las personas por igual tengan acceso a la justicia, de forma que hombres y mujeres ser\u00e1n tratados igual en todo momento y circunstancia,\u00a0debe ser una prioridad para los distintos niveles de gobierno, afirm\u00f3 la presidenta de la Comisi\u00f3n de Derechos Humanos en la LXXIII Legislatura local, Nalleli Pedraza Huerta, quien reconoci\u00f3 la importancia de que en Michoac\u00e1n se conformar\u00e1 el Sistema Estatal para la Igualdad entre Mujeres y Hombres.<\/p>\n<p class=\"x_MsoNormal\">La diputada local resalt\u00f3 que en este tema el Congreso del Estado aprob\u00f3 reformas a la Constituci\u00f3n Pol\u00edtica del Estado, a fin de garantizar la igualdad y se han impulsado diversas propuestas legislativas en este tema, en el que en Michoac\u00e1n ha logrado avanzar, pero a\u00fan falta mucho por hacer.<\/p>\n<p class=\"x_MsoNormal\">Destac\u00f3 que es prioritario que contin\u00faen reforz\u00e1ndose las acciones para fomentar la cultura de igualdad y de respeto desde los ayuntamientos, a fin de construir una sociedad m\u00e1s justa y equitativa, en donde todas y todos sean iguales, con lo que se podr\u00e1 avanzar al desarrollo y progreso de nuestro estado.<\/p>\n<p class=\"x_MsoNormal\">Por ello, consider\u00f3 que la instalaci\u00f3n del Sistema Estatal para la Igualdad entre Mujeres y Hombres que se realiz\u00f3 en la entidad y el cual es encabezado por el Gobernador Silvano Aureoles Conejo, es positivo, y un paso importante en la entidad, ya que se fortalece las acciones encaminadas a la protecci\u00f3n de los derechos humanos y garantizar la igualdad, con lo que el gobierno reitera que este tema es una prioridad.<\/p>\n<p class=\"x_MsoNormal\">Como presidenta de la Comisi\u00f3n de Derechos Humanos en la LXXIII Legislatura local, reiter\u00f3 que una de sus prioridades en el Congreso del Estado ha sido y es, este tema, clara de que no se puede bajar la guardia hasta lograr una sociedad con justicia laboral, igualdad pol\u00edtica, libre de violencia e igualitaria, donde hombres y mujeres caminen hacia la misma direcci\u00f3n.<\/p>\n<p class=\"x_MsoNormal\">Para las y los diputados que integran el Grupo Parlamentario del Partido de la Revoluci\u00f3n Democr\u00e1tica en el Congreso del Estado, dijo ha sido prioridad el luchar por el reconocimiento de los\u00a0 derechos humanos y sociales; incluidos la igualdad de g\u00e9nero, la inclusi\u00f3n de las personas con discapacidad, el cambio de identidad y \u00a0la protecci\u00f3n integral a los adultos mayores, entre otros.<\/p>\n<p class=\"x_MsoNormal\">Por lo anterior manifest\u00f3 su compromiso de seguir abonando a la consolidaci\u00f3n de nuestro estado, con el \u00fanico objetivo de brindar a las y los michoacanos mejores oportunidades de desarrollo en igualdad de condiciones para todas y todos.<\/p>\n","protected":false},"excerpt":{"rendered":"<p>Morelia; Michoac\u00e1n, 19 de enero de 2018.-\u00a0El garantizar que todas las personas por igual tengan acceso a la justicia, de forma que hombres y mujeres ser\u00e1n tratados igual en todo momento y circunstancia,\u00a0debe ser una prioridad para los distintos niveles de gobierno, afirm\u00f3 la presidenta de la Comisi\u00f3n de Derechos Humanos en la LXXIII Legislatura [&hellip;]<\/p>\n","protected":false},"author":2,"featured_media":49650,"comment_status":"closed","ping_status":"closed","sticky":false,"template":"","format":"standard","meta":{"footnotes":""},"categories":[6,14],"tags":[],"class_list":["post-49649","post","type-post","status-publish","format-standard","has-post-thumbnail","hentry","category-congreso-del-estado","category-destacadas"],"_links":{"self":[{"href":"https:\/\/radiowebmx.com\/nota\/wp-json\/wp\/v2\/posts\/49649","targetHints":{"allow":["GET"]}}],"collection":[{"href":"https:\/\/radiowebmx.com\/nota\/wp-json\/wp\/v2\/posts"}],"about":[{"href":"https:\/\/radiowebmx.com\/nota\/wp-json\/wp\/v2\/types\/post"}],"author":[{"embeddable":true,"href":"https:\/\/radiowebmx.com\/nota\/wp-json\/wp\/v2\/users\/2"}],"replies":[{"embeddable":true,"href":"https:\/\/radiowebmx.com\/nota\/wp-json\/wp\/v2\/comments?post=49649"}],"version-history":[{"count":1,"href":"https:\/\/radiowebmx.com\/nota\/wp-json\/wp\/v2\/posts\/49649\/revisions"}],"predecessor-version":[{"id":49651,"href":"https:\/\/radiowebmx.com\/nota\/wp-json\/wp\/v2\/posts\/49649\/revisions\/49651"}],"wp:featuredmedia":[{"embeddable":true,"href":"https:\/\/radiowebmx.com\/nota\/wp-json\/wp\/v2\/media\/49650"}],"wp:attachment":[{"href":"https:\/\/radiowebmx.com\/nota\/wp-json\/wp\/v2\/media?parent=49649"}],"wp:term":[{"taxonomy":"category","embeddable":true,"href":"https:\/\/radiowebmx.com\/nota\/wp-json\/wp\/v2\/categories?post=49649"},{"taxonomy":"post_tag","embeddable":true,"href":"https:\/\/radiowebmx.com\/nota\/wp-json\/wp\/v2\/tags?post=49649"}],"curies":[{"name":"wp","href":"https:\/\/api.w.org\/{rel}","templated":true}]}}