{"id":49643,"date":"2018-01-21T13:47:35","date_gmt":"2018-01-21T19:47:35","guid":{"rendered":"https:\/\/radiowebmx.com\/nota\/?p=49643"},"modified":"2018-01-22T12:21:45","modified_gmt":"2018-01-22T18:21:45","slug":"michoacan-requiere-autoridades-gestoras-adriana-hernandez","status":"publish","type":"post","link":"https:\/\/radiowebmx.com\/nota\/michoacan-requiere-autoridades-gestoras-adriana-hernandez\/","title":{"rendered":"Michoac\u00e1n requiere autoridades gestoras: Adriana Hern\u00e1ndez"},"content":{"rendered":"<p><img loading=\"lazy\" decoding=\"async\" class=\"\" src=\"https:\/\/attachment.outlook.office.net\/owa\/ultrapolitica@hotmail.com\/service.svc\/s\/GetAttachmentThumbnail?id=AQMkADAwATYwMAItODMyNi00ODU0LTAwAi0wMAoARgAAA5HawHgQuq9DrqMPu%2BRLC5sHANRV7lYdW%2FpNtd2j%2BEW2swoAAAIBDAAAANRV7lYdW%2FpNtd2j%2BEW2swoAAhcYau8AAAABEgAQABlXftLaUG1PtpYtL2tz4d4%3D&amp;thumbnailType=2&amp;X-OWA-CANARY=dg8Ir442xkOx_kpEd5uJ_0CiPLzEYdUYmSsMQ6L6MmnHllutVW9IkL7qNOeeNfqX6JOgOqW7K8g.&amp;token=eyJ0eXAiOiJKV1QiLCJhbGciOiJSUzI1NiIsIng1dCI6ImVuaDlCSnJWUFU1aWpWMXFqWmpWLWZMMmJjbyJ9.eyJ2ZXIiOiJFeGNoYW5nZS5DYWxsYmFjay5WMSIsImFwcGN0eHNlbmRlciI6Ik93YURvd25sb2FkQDg0ZGY5ZTdmLWU5ZjYtNDBhZi1iNDM1LWFhYWFhYWFhYWFhYSIsImFwcGN0eCI6IntcIm1zZXhjaHByb3RcIjpcIm93YVwiLFwicHJpbWFyeXNpZFwiOlwiUy0xLTI4MjctMzkzMjE2LTIyMDAzMjQxODBcIixcInB1aWRcIjpcIjE2ODg4NTIwNjA1ODgxMTZcIixcIm9pZFwiOlwiMDAwNjAwMDAtODMyNi00ODU0LTAwMDAtMDAwMDAwMDAwMDAwXCIsXCJzY29wZVwiOlwiT3dhRG93bmxvYWRcIn0iLCJpc3MiOiIwMDAwMDAwMi0wMDAwLTBmZjEtY2UwMC0wMDAwMDAwMDAwMDBAODRkZjllN2YtZTlmNi00MGFmLWI0MzUtYWFhYWFhYWFhYWFhIiwiYXVkIjoiMDAwMDAwMDItMDAwMC0wZmYxLWNlMDAtMDAwMDAwMDAwMDAwL2F0dGFjaG1lbnQub3V0bG9vay5vZmZpY2UubmV0QDg0ZGY5ZTdmLWU5ZjYtNDBhZi1iNDM1LWFhYWFhYWFhYWFhYSIsImV4cCI6MTUxNjY0NTcxMiwibmJmIjoxNTE2NjQ1MTEyfQ.wit9PBkdsZLI8uCoUNHGDvYfnPjX5uEEH4TGIOo12z9EPdxNOvNjLorB-2nH3honodxTUjmlxlGKmai4CxHqKTIK9cxjmyCqTfF9jL5XER7nwWmt5Q0yoeqykSMeT98JGZ_K0NHUnJJJNy-7RKjzFwegYsW8hvG8ck_NP6uDopYIcVgfRPtBfteoppFBhb9HJwMVnllsmOi0mjVKgGjxnzlp1g-EsKeTCoDYCKZpP-ca8GTZapJrbax3lT3IIBj0HXccB8qpycUVG9y36nTtjT6v58-YGqa6XHqSxbRvQlv1OXheg6FCTv5KRPD_qPEYMRBfiJfiQTuNkOM5j-KDeQ&amp;owa=outlook.live.com&amp;isc=1\" width=\"400\" height=\"266\" \/><\/p>\n<ul>\n<li class=\"x_gmail-m-5315270931770143080m2614616704202815296gmail-msolistparagraph\"><strong>Gira de trabajo por los municipios de Contepec, Puru\u00e1ndiro y Zin\u00e1paro<\/strong><\/li>\n<\/ul>\n<p class=\"x_gmail-m-5315270931770143080m2614616704202815296gmail-msonospacing\">\n<p class=\"x_gmail-m-5315270931770143080m2614616704202815296gmail-msonospacing\"><b>Zin\u00e1paro, Michoac\u00e1n., a 21 de enero de 2018.-<\/b>\u00a0Michoac\u00e1n necesita autoridades que, sin perder el piso, gestionen y constantemente busquen mejoras para los ciudadanos, que trabajen en equipo con los distintos \u00f3rdenes de gobierno y con la poblaci\u00f3n en general, afirm\u00f3 la diputada Adriana Hern\u00e1ndez \u00cd\u00f1iguez, en el marco de su gira por los municipios de Contepec, Puru\u00e1ndiro y Zin\u00e1paro.<\/p>\n<p class=\"x_gmail-m-5315270931770143080m2614616704202815296gmail-msonospacing\">La presidente de la Junta de Coordinaci\u00f3n Pol\u00edtica expres\u00f3 que cuando hay confianza y apoyo para las autoridades las cosas s\u00ed se pueden concretar en pro del desarrollo del estado.<\/p>\n<p class=\"x_gmail-m-5315270931770143080m2614616704202815296gmail-msonospacing\">Hern\u00e1ndez \u00cd\u00f1iguez agreg\u00f3 que en Michoac\u00e1n la necesidad no entiende de partidos pol\u00edticos ni colores, al resaltar que es indispensable el trabajo en equipo, sin olvidar el por qu\u00e9 y para qui\u00e9nes llegaron a ocupar alg\u00fan cargo.<\/p>\n<p class=\"x_gmail-m-5315270931770143080m2614616704202815296gmail-msonospacing\">La tambi\u00e9n coordinadora del Grupo Parlamentario del PRI en el Congreso del Estado inaugur\u00f3 en Contepec la pavimentaci\u00f3n de la Calle Ocampo, obra que se concret\u00f3 con su gesti\u00f3n y el trabajo coordinado de autoridades municipales y estatales.<\/p>\n<p class=\"x_gmail-m-5315270931770143080m2614616704202815296gmail-msonospacing\">Mientras que en Puru\u00e1ndiro arranc\u00f3 los trabajos de la primera etapa de la Unidad Deportiva de la comunidad de Galeana, lo cual beneficiar\u00e1 a poco m\u00e1s de 7 mil habitantes, quienes podr\u00e1n disfrutar de un espacio digno para su recreaci\u00f3n.<\/p>\n<p class=\"x_gmail-m-5315270931770143080m2614616704202815296gmail-msonospacing\">En su mensaje, Adriana Hern\u00e1ndez enfatiz\u00f3 que es importante trabajar en el deporte, cultura y educaci\u00f3n, aspectos que siempre ser\u00e1n la mejor inversi\u00f3n que puede hacer un gobierno.<\/p>\n<p class=\"x_gmail-m-5315270931770143080m2614616704202815296gmail-msonospacing\">\u201cEs a trav\u00e9s del deporte y la cultura como les damos una oportunidad a los ni\u00f1os y j\u00f3venes a que empleen todas sus energ\u00edas en cosas positivas, as\u00ed tendremos generaciones m\u00e1s sanas\u201d, dijo.<\/p>\n<p class=\"x_gmail-m-5315270931770143080m2614616704202815296gmail-msonospacing\">Finalmente, en su visita a Zin\u00e1paro arranc\u00f3 los trabajos de rehabilitaci\u00f3n del camino El Tigre &#8211; Zin\u00e1paro, lo que permitir\u00e1 mejorar la comunicaci\u00f3n de los habitantes de la zona.<\/p>\n<p>&nbsp;<\/p>\n<p><img loading=\"lazy\" decoding=\"async\" class=\"\" src=\"https:\/\/attachment.outlook.office.net\/owa\/ultrapolitica@hotmail.com\/service.svc\/s\/GetAttachmentThumbnail?id=AQMkADAwATYwMAItODMyNi00ODU0LTAwAi0wMAoARgAAA5HawHgQuq9DrqMPu%2BRLC5sHANRV7lYdW%2FpNtd2j%2BEW2swoAAAIBDAAAANRV7lYdW%2FpNtd2j%2BEW2swoAAhcYau8AAAABEgAQAMGoIiWdeD1HtLA7oyJCQ90%3D&amp;thumbnailType=2&amp;X-OWA-CANARY=dg8Ir442xkOx_kpEd5uJ_0CiPLzEYdUYmSsMQ6L6MmnHllutVW9IkL7qNOeeNfqX6JOgOqW7K8g.&amp;token=eyJ0eXAiOiJKV1QiLCJhbGciOiJSUzI1NiIsIng1dCI6ImVuaDlCSnJWUFU1aWpWMXFqWmpWLWZMMmJjbyJ9.eyJ2ZXIiOiJFeGNoYW5nZS5DYWxsYmFjay5WMSIsImFwcGN0eHNlbmRlciI6Ik93YURvd25sb2FkQDg0ZGY5ZTdmLWU5ZjYtNDBhZi1iNDM1LWFhYWFhYWFhYWFhYSIsImFwcGN0eCI6IntcIm1zZXhjaHByb3RcIjpcIm93YVwiLFwicHJpbWFyeXNpZFwiOlwiUy0xLTI4MjctMzkzMjE2LTIyMDAzMjQxODBcIixcInB1aWRcIjpcIjE2ODg4NTIwNjA1ODgxMTZcIixcIm9pZFwiOlwiMDAwNjAwMDAtODMyNi00ODU0LTAwMDAtMDAwMDAwMDAwMDAwXCIsXCJzY29wZVwiOlwiT3dhRG93bmxvYWRcIn0iLCJpc3MiOiIwMDAwMDAwMi0wMDAwLTBmZjEtY2UwMC0wMDAwMDAwMDAwMDBAODRkZjllN2YtZTlmNi00MGFmLWI0MzUtYWFhYWFhYWFhYWFhIiwiYXVkIjoiMDAwMDAwMDItMDAwMC0wZmYxLWNlMDAtMDAwMDAwMDAwMDAwL2F0dGFjaG1lbnQub3V0bG9vay5vZmZpY2UubmV0QDg0ZGY5ZTdmLWU5ZjYtNDBhZi1iNDM1LWFhYWFhYWFhYWFhYSIsImV4cCI6MTUxNjY0NTcxMiwibmJmIjoxNTE2NjQ1MTEyfQ.wit9PBkdsZLI8uCoUNHGDvYfnPjX5uEEH4TGIOo12z9EPdxNOvNjLorB-2nH3honodxTUjmlxlGKmai4CxHqKTIK9cxjmyCqTfF9jL5XER7nwWmt5Q0yoeqykSMeT98JGZ_K0NHUnJJJNy-7RKjzFwegYsW8hvG8ck_NP6uDopYIcVgfRPtBfteoppFBhb9HJwMVnllsmOi0mjVKgGjxnzlp1g-EsKeTCoDYCKZpP-ca8GTZapJrbax3lT3IIBj0HXccB8qpycUVG9y36nTtjT6v58-YGqa6XHqSxbRvQlv1OXheg6FCTv5KRPD_qPEYMRBfiJfiQTuNkOM5j-KDeQ&amp;owa=outlook.live.com&amp;isc=1\" width=\"400\" height=\"266\" \/><\/p>\n<p>&nbsp;<\/p>\n<p><img loading=\"lazy\" decoding=\"async\" class=\"\" src=\"https:\/\/attachment.outlook.office.net\/owa\/ultrapolitica@hotmail.com\/service.svc\/s\/GetAttachmentThumbnail?id=AQMkADAwATYwMAItODMyNi00ODU0LTAwAi0wMAoARgAAA5HawHgQuq9DrqMPu%2BRLC5sHANRV7lYdW%2FpNtd2j%2BEW2swoAAAIBDAAAANRV7lYdW%2FpNtd2j%2BEW2swoAAhcYau8AAAABEgAQAB1aLQpomKBOv1abTu%2Bw02E%3D&amp;thumbnailType=2&amp;X-OWA-CANARY=dg8Ir442xkOx_kpEd5uJ_0CiPLzEYdUYmSsMQ6L6MmnHllutVW9IkL7qNOeeNfqX6JOgOqW7K8g.&amp;token=eyJ0eXAiOiJKV1QiLCJhbGciOiJSUzI1NiIsIng1dCI6ImVuaDlCSnJWUFU1aWpWMXFqWmpWLWZMMmJjbyJ9.eyJ2ZXIiOiJFeGNoYW5nZS5DYWxsYmFjay5WMSIsImFwcGN0eHNlbmRlciI6Ik93YURvd25sb2FkQDg0ZGY5ZTdmLWU5ZjYtNDBhZi1iNDM1LWFhYWFhYWFhYWFhYSIsImFwcGN0eCI6IntcIm1zZXhjaHByb3RcIjpcIm93YVwiLFwicHJpbWFyeXNpZFwiOlwiUy0xLTI4MjctMzkzMjE2LTIyMDAzMjQxODBcIixcInB1aWRcIjpcIjE2ODg4NTIwNjA1ODgxMTZcIixcIm9pZFwiOlwiMDAwNjAwMDAtODMyNi00ODU0LTAwMDAtMDAwMDAwMDAwMDAwXCIsXCJzY29wZVwiOlwiT3dhRG93bmxvYWRcIn0iLCJpc3MiOiIwMDAwMDAwMi0wMDAwLTBmZjEtY2UwMC0wMDAwMDAwMDAwMDBAODRkZjllN2YtZTlmNi00MGFmLWI0MzUtYWFhYWFhYWFhYWFhIiwiYXVkIjoiMDAwMDAwMDItMDAwMC0wZmYxLWNlMDAtMDAwMDAwMDAwMDAwL2F0dGFjaG1lbnQub3V0bG9vay5vZmZpY2UubmV0QDg0ZGY5ZTdmLWU5ZjYtNDBhZi1iNDM1LWFhYWFhYWFhYWFhYSIsImV4cCI6MTUxNjY0NTcxMiwibmJmIjoxNTE2NjQ1MTEyfQ.wit9PBkdsZLI8uCoUNHGDvYfnPjX5uEEH4TGIOo12z9EPdxNOvNjLorB-2nH3honodxTUjmlxlGKmai4CxHqKTIK9cxjmyCqTfF9jL5XER7nwWmt5Q0yoeqykSMeT98JGZ_K0NHUnJJJNy-7RKjzFwegYsW8hvG8ck_NP6uDopYIcVgfRPtBfteoppFBhb9HJwMVnllsmOi0mjVKgGjxnzlp1g-EsKeTCoDYCKZpP-ca8GTZapJrbax3lT3IIBj0HXccB8qpycUVG9y36nTtjT6v58-YGqa6XHqSxbRvQlv1OXheg6FCTv5KRPD_qPEYMRBfiJfiQTuNkOM5j-KDeQ&amp;owa=outlook.live.com&amp;isc=1\" width=\"400\" height=\"266\" \/><\/p>\n","protected":false},"excerpt":{"rendered":"<p>Gira de trabajo por los municipios de Contepec, Puru\u00e1ndiro y Zin\u00e1paro Zin\u00e1paro, Michoac\u00e1n., a 21 de enero de 2018.-\u00a0Michoac\u00e1n necesita autoridades que, sin perder el piso, gestionen y constantemente busquen mejoras para los ciudadanos, que trabajen en equipo con los distintos \u00f3rdenes de gobierno y con la poblaci\u00f3n en general, afirm\u00f3 la diputada Adriana Hern\u00e1ndez [&hellip;]<\/p>\n","protected":false},"author":2,"featured_media":49644,"comment_status":"closed","ping_status":"closed","sticky":false,"template":"","format":"standard","meta":{"footnotes":""},"categories":[6,14],"tags":[],"class_list":["post-49643","post","type-post","status-publish","format-standard","has-post-thumbnail","hentry","category-congreso-del-estado","category-destacadas"],"_links":{"self":[{"href":"https:\/\/radiowebmx.com\/nota\/wp-json\/wp\/v2\/posts\/49643","targetHints":{"allow":["GET"]}}],"collection":[{"href":"https:\/\/radiowebmx.com\/nota\/wp-json\/wp\/v2\/posts"}],"about":[{"href":"https:\/\/radiowebmx.com\/nota\/wp-json\/wp\/v2\/types\/post"}],"author":[{"embeddable":true,"href":"https:\/\/radiowebmx.com\/nota\/wp-json\/wp\/v2\/users\/2"}],"replies":[{"embeddable":true,"href":"https:\/\/radiowebmx.com\/nota\/wp-json\/wp\/v2\/comments?post=49643"}],"version-history":[{"count":1,"href":"https:\/\/radiowebmx.com\/nota\/wp-json\/wp\/v2\/posts\/49643\/revisions"}],"predecessor-version":[{"id":49645,"href":"https:\/\/radiowebmx.com\/nota\/wp-json\/wp\/v2\/posts\/49643\/revisions\/49645"}],"wp:featuredmedia":[{"embeddable":true,"href":"https:\/\/radiowebmx.com\/nota\/wp-json\/wp\/v2\/media\/49644"}],"wp:attachment":[{"href":"https:\/\/radiowebmx.com\/nota\/wp-json\/wp\/v2\/media?parent=49643"}],"wp:term":[{"taxonomy":"category","embeddable":true,"href":"https:\/\/radiowebmx.com\/nota\/wp-json\/wp\/v2\/categories?post=49643"},{"taxonomy":"post_tag","embeddable":true,"href":"https:\/\/radiowebmx.com\/nota\/wp-json\/wp\/v2\/tags?post=49643"}],"curies":[{"name":"wp","href":"https:\/\/api.w.org\/{rel}","templated":true}]}}